{"id":891,"date":"2019-05-27T13:08:01","date_gmt":"2019-05-27T11:08:01","guid":{"rendered":"https:\/\/www.nadir.fm\/?p=891"},"modified":"2019-06-23T15:07:09","modified_gmt":"2019-06-23T13:07:09","slug":"murubutu-tenebra-e-la-notte-tour","status":"publish","type":"post","link":"https:\/\/scugnizzoliberato.org\/nadircollective\/murubutu-tenebra-e-la-notte-tour\/","title":{"rendered":"Murubutu &#8211; Tenebra \u00e8 la Notte Tour"},"content":{"rendered":"\n<p> \u00abTenebra \u00e8 la notte ed altri racconti di buio e crepuscoli\u00bb <br> \u00e8 il quinto lavoro in studio di Murubutu nonch\u00e9 il suo terzo concept album. Il filo conduttore \u00e8 la notte, notte che si fa medium narrativo attraverso cui raccontare fenomeni complessi come la guerra, la solitudine, il lutto ma anche il fascino della natura, l\u2019ispirazione artistica, l\u2019amore.<\/p>\n\n\n\n<h4 class=\"wp-block-heading\">Murubutu \/ U.G.O. + dj T-Robb<\/h4>\n\n\n\n<figure class=\"wp-block-image\"><img loading=\"lazy\" decoding=\"async\" width=\"960\" height=\"514\" src=\"https:\/\/www.nadir.fm\/wordpress\/wp-content\/uploads\/2019\/05\/64814313_1747659348712726_5559042008766480384_n.jpg\" alt=\"\" class=\"wp-image-895\" srcset=\"https:\/\/scugnizzoliberato.org\/nadircollective\/wp-content\/uploads\/2019\/05\/64814313_1747659348712726_5559042008766480384_n.jpg 960w, https:\/\/scugnizzoliberato.org\/nadircollective\/wp-content\/uploads\/2019\/05\/64814313_1747659348712726_5559042008766480384_n-300x161.jpg 300w, https:\/\/scugnizzoliberato.org\/nadircollective\/wp-content\/uploads\/2019\/05\/64814313_1747659348712726_5559042008766480384_n-768x411.jpg 768w\" sizes=\"auto, (max-width: 960px) 100vw, 960px\" \/><\/figure>\n\n\n\n<p><strong>TENEBRA \u00c8 LA NOTTE<\/strong> tour 2019 ed altri racconti di buio e crepuscoli<br><strong>Venerd\u00ec 28 Giugno 2019<\/strong> \/ ore 22:00 @ Scugnizzo Liberato &#8211; Napoli<br>Sottoscrizione consigliata 5 \u20ac (direttamente all&#8217;ingresso)<br><a href=\"https:\/\/www.facebook.com\/events\/2356058488011291\/\">evento facebook<\/a><\/p>\n\n\n\n<p>Lo Scugnizzo Liberato, gi\u00e0 carcere minorile Filangieri, oggi un bene comune della citt\u00e0 di Napoli, si trova a Salita Pontecorvo 46. <br> La comunit\u00e0 che se ne prende cura si occupa della sua gestione e ne garantisce l&#8217;accessibilit\u00e0 a tutti e tutte. Lo Scugnizzo \u00e8 un luogo aperto e condiviso: i contributi raccolti all&#8217;ingresso sono utilizzati esclusivamente per finanziarne attivit\u00e0 e progetti.<\/p>\n\n\n\n<p><strong><a href=\"https:\/\/www.nadir.fm\/nessun-posto-e-come-casa\/\">Non c\u2019\u00e8 nessun posto come casa.<\/a><\/strong> Da quattro anni lo Scugnizzo Liberato \u00e8 la casa del NaDir Collective, e qui insieme alla sua comunit\u00e0 abbiamo provato a sperimentare un\u2019offerta culturale e musicale fedele ai principi e alle parole d\u2019ordine che avevano animato la prima edizione del NaDir Festival a Soccavo. <br>Quest\u2019anno vogliamo terminare la stagione musicale dello Scugnizzo con due grandi eventi in stile Nadir che rispecchino lo stesso spirito, insieme a due artisti che amiamo e che sono gi\u00e0 stati protagonisti di momenti memorabili della storia di NaDir. <br>Pensiamo che oggi, in un centro storico  brulicante di vita, ma sempre pi\u00f9 povero di musica, sia importante provare ad andare in Direzione Opposta e animare il giugno della nostra citt\u00e0 con la possibilit\u00e0 di assistere ai live di due degli artisti italiani pi\u00f9 interessanti degli ultimi anni, come al solito a condizioni accessibili e con al primo posto la qualit\u00e0 tecnica ed artistica dell&#8217;offerta.<\/p>\n","protected":false},"excerpt":{"rendered":"<p>\u00abTenebra \u00e8 la notte ed altri racconti di buio e crepuscoli\u00bb \u00e8 il quinto lavoro in studio di Murubutu nonch\u00e9 il suo terzo concept album. Il filo conduttore \u00e8 la notte, notte che si fa medium narrativo attraverso cui raccontare fenomeni complessi come la guerra, la solitudine, il lutto ma [&hellip;]<\/p>\n","protected":false},"author":9,"featured_media":0,"comment_status":"closed","ping_status":"closed","sticky":false,"template":"","format":"standard","meta":{"footnotes":""},"categories":[5],"tags":[14],"class_list":["post-891","post","type-post","status-publish","format-standard","hentry","category-nadir-festival","tag-scugnizzo-liberato"],"yoast_head":"<!-- This site is optimized with the Yoast SEO plugin v27.5 - https:\/\/yoast.com\/product\/yoast-seo-wordpress\/ -->\n<title>Murubutu - Tenebra \u00e8 la Notte Tour - NaDir \/ Napoli Direzione Opposta<\/title>\n<meta name=\"robots\" content=\"index, follow, max-snippet:-1, max-image-preview:large, max-video-preview:-1\" \/>\n<link rel=\"canonical\" href=\"https:\/\/scugnizzoliberato.org\/nadircollective\/murubutu-tenebra-e-la-notte-tour\/\" \/>\n<meta property=\"og:locale\" content=\"en_US\" \/>\n<meta property=\"og:type\" content=\"article\" \/>\n<meta property=\"og:title\" content=\"Murubutu - Tenebra \u00e8 la Notte Tour - NaDir \/ Napoli Direzione Opposta\" \/>\n<meta property=\"og:description\" content=\"\u00abTenebra \u00e8 la notte ed altri racconti di buio e crepuscoli\u00bb \u00e8 il quinto lavoro in studio di Murubutu nonch\u00e9 il suo terzo concept album. Il filo conduttore \u00e8 la notte, notte che si fa medium narrativo attraverso cui raccontare fenomeni complessi come la guerra, la solitudine, il lutto ma [&hellip;]\" \/>\n<meta property=\"og:url\" content=\"https:\/\/scugnizzoliberato.org\/nadircollective\/murubutu-tenebra-e-la-notte-tour\/\" \/>\n<meta property=\"og:site_name\" content=\"NaDir \/ Napoli Direzione Opposta\" \/>\n<meta property=\"article:publisher\" content=\"https:\/\/www.facebook.com\/nadirdirezioneopposta\/\" \/>\n<meta property=\"article:published_time\" content=\"2019-05-27T11:08:01+00:00\" \/>\n<meta property=\"article:modified_time\" content=\"2019-06-23T13:07:09+00:00\" \/>\n<meta property=\"og:image\" content=\"https:\/\/www.nadir.fm\/wordpress\/wp-content\/uploads\/2019\/05\/64814313_1747659348712726_5559042008766480384_n.jpg\" \/>\n<meta name=\"author\" content=\"totore.ndr\" \/>\n<meta name=\"twitter:card\" content=\"summary_large_image\" \/>\n<meta name=\"twitter:creator\" content=\"@NaDirCollective\" \/>\n<meta name=\"twitter:site\" content=\"@NaDirCollective\" \/>\n<meta name=\"twitter:label1\" content=\"Written by\" \/>\n\t<meta name=\"twitter:data1\" content=\"totore.ndr\" \/>\n\t<meta name=\"twitter:label2\" content=\"Est. reading time\" \/>\n\t<meta name=\"twitter:data2\" content=\"2 minutes\" \/>\n<script type=\"application\/ld+json\" class=\"yoast-schema-graph\">{\"@context\":\"https:\\\/\\\/schema.org\",\"@graph\":[{\"@type\":\"Article\",\"@id\":\"https:\\\/\\\/scugnizzoliberato.org\\\/nadircollective\\\/murubutu-tenebra-e-la-notte-tour\\\/#article\",\"isPartOf\":{\"@id\":\"https:\\\/\\\/scugnizzoliberato.org\\\/nadircollective\\\/murubutu-tenebra-e-la-notte-tour\\\/\"},\"author\":{\"name\":\"totore.ndr\",\"@id\":\"https:\\\/\\\/scugnizzoliberato.org\\\/nadircollective\\\/#\\\/schema\\\/person\\\/1bdc7299786c6071afc844c64144873b\"},\"headline\":\"Murubutu &#8211; Tenebra \u00e8 la Notte Tour\",\"datePublished\":\"2019-05-27T11:08:01+00:00\",\"dateModified\":\"2019-06-23T13:07:09+00:00\",\"mainEntityOfPage\":{\"@id\":\"https:\\\/\\\/scugnizzoliberato.org\\\/nadircollective\\\/murubutu-tenebra-e-la-notte-tour\\\/\"},\"wordCount\":311,\"publisher\":{\"@id\":\"https:\\\/\\\/scugnizzoliberato.org\\\/nadircollective\\\/#organization\"},\"image\":{\"@id\":\"https:\\\/\\\/scugnizzoliberato.org\\\/nadircollective\\\/murubutu-tenebra-e-la-notte-tour\\\/#primaryimage\"},\"thumbnailUrl\":\"https:\\\/\\\/www.nadir.fm\\\/wordpress\\\/wp-content\\\/uploads\\\/2019\\\/05\\\/64814313_1747659348712726_5559042008766480384_n.jpg\",\"keywords\":[\"scugnizzo liberato\"],\"articleSection\":[\"NaDir Festival\"],\"inLanguage\":\"en-US\"},{\"@type\":\"WebPage\",\"@id\":\"https:\\\/\\\/scugnizzoliberato.org\\\/nadircollective\\\/murubutu-tenebra-e-la-notte-tour\\\/\",\"url\":\"https:\\\/\\\/scugnizzoliberato.org\\\/nadircollective\\\/murubutu-tenebra-e-la-notte-tour\\\/\",\"name\":\"Murubutu - Tenebra \u00e8 la Notte Tour - NaDir \\\/ Napoli Direzione Opposta\",\"isPartOf\":{\"@id\":\"https:\\\/\\\/scugnizzoliberato.org\\\/nadircollective\\\/#website\"},\"primaryImageOfPage\":{\"@id\":\"https:\\\/\\\/scugnizzoliberato.org\\\/nadircollective\\\/murubutu-tenebra-e-la-notte-tour\\\/#primaryimage\"},\"image\":{\"@id\":\"https:\\\/\\\/scugnizzoliberato.org\\\/nadircollective\\\/murubutu-tenebra-e-la-notte-tour\\\/#primaryimage\"},\"thumbnailUrl\":\"https:\\\/\\\/www.nadir.fm\\\/wordpress\\\/wp-content\\\/uploads\\\/2019\\\/05\\\/64814313_1747659348712726_5559042008766480384_n.jpg\",\"datePublished\":\"2019-05-27T11:08:01+00:00\",\"dateModified\":\"2019-06-23T13:07:09+00:00\",\"breadcrumb\":{\"@id\":\"https:\\\/\\\/scugnizzoliberato.org\\\/nadircollective\\\/murubutu-tenebra-e-la-notte-tour\\\/#breadcrumb\"},\"inLanguage\":\"en-US\",\"potentialAction\":[{\"@type\":\"ReadAction\",\"target\":[\"https:\\\/\\\/scugnizzoliberato.org\\\/nadircollective\\\/murubutu-tenebra-e-la-notte-tour\\\/\"]}]},{\"@type\":\"ImageObject\",\"inLanguage\":\"en-US\",\"@id\":\"https:\\\/\\\/scugnizzoliberato.org\\\/nadircollective\\\/murubutu-tenebra-e-la-notte-tour\\\/#primaryimage\",\"url\":\"https:\\\/\\\/www.nadir.fm\\\/wordpress\\\/wp-content\\\/uploads\\\/2019\\\/05\\\/64814313_1747659348712726_5559042008766480384_n.jpg\",\"contentUrl\":\"https:\\\/\\\/www.nadir.fm\\\/wordpress\\\/wp-content\\\/uploads\\\/2019\\\/05\\\/64814313_1747659348712726_5559042008766480384_n.jpg\"},{\"@type\":\"BreadcrumbList\",\"@id\":\"https:\\\/\\\/scugnizzoliberato.org\\\/nadircollective\\\/murubutu-tenebra-e-la-notte-tour\\\/#breadcrumb\",\"itemListElement\":[{\"@type\":\"ListItem\",\"position\":1,\"name\":\"Home\",\"item\":\"https:\\\/\\\/scugnizzoliberato.org\\\/nadircollective\\\/\"},{\"@type\":\"ListItem\",\"position\":2,\"name\":\"Murubutu &#8211; Tenebra \u00e8 la Notte Tour\"}]},{\"@type\":\"WebSite\",\"@id\":\"https:\\\/\\\/scugnizzoliberato.org\\\/nadircollective\\\/#website\",\"url\":\"https:\\\/\\\/scugnizzoliberato.org\\\/nadircollective\\\/\",\"name\":\"NaDir Collective\",\"description\":\"Collettivo di musicist*, artist*, precar* dello spettacolo \ud83d\ude802015 \ud83c\udfe0 Scugnizzo Liberato \\\/ Napoli\",\"publisher\":{\"@id\":\"https:\\\/\\\/scugnizzoliberato.org\\\/nadircollective\\\/#organization\"},\"potentialAction\":[{\"@type\":\"SearchAction\",\"target\":{\"@type\":\"EntryPoint\",\"urlTemplate\":\"https:\\\/\\\/scugnizzoliberato.org\\\/nadircollective\\\/?s={search_term_string}\"},\"query-input\":{\"@type\":\"PropertyValueSpecification\",\"valueRequired\":true,\"valueName\":\"search_term_string\"}}],\"inLanguage\":\"en-US\"},{\"@type\":\"Organization\",\"@id\":\"https:\\\/\\\/scugnizzoliberato.org\\\/nadircollective\\\/#organization\",\"name\":\"NaDir \\\/ Napoli Direzione Opposta\",\"url\":\"https:\\\/\\\/scugnizzoliberato.org\\\/nadircollective\\\/\",\"logo\":{\"@type\":\"ImageObject\",\"inLanguage\":\"en-US\",\"@id\":\"https:\\\/\\\/scugnizzoliberato.org\\\/nadircollective\\\/#\\\/schema\\\/logo\\\/image\\\/\",\"url\":\"https:\\\/\\\/scugnizzoliberato.org\\\/nadircollective\\\/wp-content\\\/uploads\\\/2018\\\/05\\\/sestante-NaDir.png\",\"contentUrl\":\"https:\\\/\\\/scugnizzoliberato.org\\\/nadircollective\\\/wp-content\\\/uploads\\\/2018\\\/05\\\/sestante-NaDir.png\",\"width\":512,\"height\":512,\"caption\":\"NaDir \\\/ Napoli Direzione Opposta\"},\"image\":{\"@id\":\"https:\\\/\\\/scugnizzoliberato.org\\\/nadircollective\\\/#\\\/schema\\\/logo\\\/image\\\/\"},\"sameAs\":[\"https:\\\/\\\/www.facebook.com\\\/nadirdirezioneopposta\\\/\",\"https:\\\/\\\/x.com\\\/NaDirCollective\",\"https:\\\/\\\/www.instagram.com\\\/nadir_direzioneopposta\\\/\",\"https:\\\/\\\/www.youtube.com\\\/channel\\\/UCdR4Xs7DPzaR7HQslIgHMTA\"]},{\"@type\":\"Person\",\"@id\":\"https:\\\/\\\/scugnizzoliberato.org\\\/nadircollective\\\/#\\\/schema\\\/person\\\/1bdc7299786c6071afc844c64144873b\",\"name\":\"totore.ndr\",\"image\":{\"@type\":\"ImageObject\",\"inLanguage\":\"en-US\",\"@id\":\"https:\\\/\\\/secure.gravatar.com\\\/avatar\\\/97719b56edf382382239f4435173fbdb7157011d54897b2c163ba35ac0752cec?s=96&d=mm&r=g\",\"url\":\"https:\\\/\\\/secure.gravatar.com\\\/avatar\\\/97719b56edf382382239f4435173fbdb7157011d54897b2c163ba35ac0752cec?s=96&d=mm&r=g\",\"contentUrl\":\"https:\\\/\\\/secure.gravatar.com\\\/avatar\\\/97719b56edf382382239f4435173fbdb7157011d54897b2c163ba35ac0752cec?s=96&d=mm&r=g\",\"caption\":\"totore.ndr\"}}]}<\/script>\n<!-- \/ Yoast SEO plugin. -->","yoast_head_json":{"title":"Murubutu - Tenebra \u00e8 la Notte Tour - NaDir \/ Napoli Direzione Opposta","robots":{"index":"index","follow":"follow","max-snippet":"max-snippet:-1","max-image-preview":"max-image-preview:large","max-video-preview":"max-video-preview:-1"},"canonical":"https:\/\/scugnizzoliberato.org\/nadircollective\/murubutu-tenebra-e-la-notte-tour\/","og_locale":"en_US","og_type":"article","og_title":"Murubutu - Tenebra \u00e8 la Notte Tour - NaDir \/ Napoli Direzione Opposta","og_description":"\u00abTenebra \u00e8 la notte ed altri racconti di buio e crepuscoli\u00bb \u00e8 il quinto lavoro in studio di Murubutu nonch\u00e9 il suo terzo concept album. Il filo conduttore \u00e8 la notte, notte che si fa medium narrativo attraverso cui raccontare fenomeni complessi come la guerra, la solitudine, il lutto ma [&hellip;]","og_url":"https:\/\/scugnizzoliberato.org\/nadircollective\/murubutu-tenebra-e-la-notte-tour\/","og_site_name":"NaDir \/ Napoli Direzione Opposta","article_publisher":"https:\/\/www.facebook.com\/nadirdirezioneopposta\/","article_published_time":"2019-05-27T11:08:01+00:00","article_modified_time":"2019-06-23T13:07:09+00:00","og_image":[{"url":"https:\/\/www.nadir.fm\/wordpress\/wp-content\/uploads\/2019\/05\/64814313_1747659348712726_5559042008766480384_n.jpg","type":"","width":"","height":""}],"author":"totore.ndr","twitter_card":"summary_large_image","twitter_creator":"@NaDirCollective","twitter_site":"@NaDirCollective","twitter_misc":{"Written by":"totore.ndr","Est. reading time":"2 minutes"},"schema":{"@context":"https:\/\/schema.org","@graph":[{"@type":"Article","@id":"https:\/\/scugnizzoliberato.org\/nadircollective\/murubutu-tenebra-e-la-notte-tour\/#article","isPartOf":{"@id":"https:\/\/scugnizzoliberato.org\/nadircollective\/murubutu-tenebra-e-la-notte-tour\/"},"author":{"name":"totore.ndr","@id":"https:\/\/scugnizzoliberato.org\/nadircollective\/#\/schema\/person\/1bdc7299786c6071afc844c64144873b"},"headline":"Murubutu &#8211; Tenebra \u00e8 la Notte Tour","datePublished":"2019-05-27T11:08:01+00:00","dateModified":"2019-06-23T13:07:09+00:00","mainEntityOfPage":{"@id":"https:\/\/scugnizzoliberato.org\/nadircollective\/murubutu-tenebra-e-la-notte-tour\/"},"wordCount":311,"publisher":{"@id":"https:\/\/scugnizzoliberato.org\/nadircollective\/#organization"},"image":{"@id":"https:\/\/scugnizzoliberato.org\/nadircollective\/murubutu-tenebra-e-la-notte-tour\/#primaryimage"},"thumbnailUrl":"https:\/\/www.nadir.fm\/wordpress\/wp-content\/uploads\/2019\/05\/64814313_1747659348712726_5559042008766480384_n.jpg","keywords":["scugnizzo liberato"],"articleSection":["NaDir Festival"],"inLanguage":"en-US"},{"@type":"WebPage","@id":"https:\/\/scugnizzoliberato.org\/nadircollective\/murubutu-tenebra-e-la-notte-tour\/","url":"https:\/\/scugnizzoliberato.org\/nadircollective\/murubutu-tenebra-e-la-notte-tour\/","name":"Murubutu - Tenebra \u00e8 la Notte Tour - NaDir \/ Napoli Direzione Opposta","isPartOf":{"@id":"https:\/\/scugnizzoliberato.org\/nadircollective\/#website"},"primaryImageOfPage":{"@id":"https:\/\/scugnizzoliberato.org\/nadircollective\/murubutu-tenebra-e-la-notte-tour\/#primaryimage"},"image":{"@id":"https:\/\/scugnizzoliberato.org\/nadircollective\/murubutu-tenebra-e-la-notte-tour\/#primaryimage"},"thumbnailUrl":"https:\/\/www.nadir.fm\/wordpress\/wp-content\/uploads\/2019\/05\/64814313_1747659348712726_5559042008766480384_n.jpg","datePublished":"2019-05-27T11:08:01+00:00","dateModified":"2019-06-23T13:07:09+00:00","breadcrumb":{"@id":"https:\/\/scugnizzoliberato.org\/nadircollective\/murubutu-tenebra-e-la-notte-tour\/#breadcrumb"},"inLanguage":"en-US","potentialAction":[{"@type":"ReadAction","target":["https:\/\/scugnizzoliberato.org\/nadircollective\/murubutu-tenebra-e-la-notte-tour\/"]}]},{"@type":"ImageObject","inLanguage":"en-US","@id":"https:\/\/scugnizzoliberato.org\/nadircollective\/murubutu-tenebra-e-la-notte-tour\/#primaryimage","url":"https:\/\/www.nadir.fm\/wordpress\/wp-content\/uploads\/2019\/05\/64814313_1747659348712726_5559042008766480384_n.jpg","contentUrl":"https:\/\/www.nadir.fm\/wordpress\/wp-content\/uploads\/2019\/05\/64814313_1747659348712726_5559042008766480384_n.jpg"},{"@type":"BreadcrumbList","@id":"https:\/\/scugnizzoliberato.org\/nadircollective\/murubutu-tenebra-e-la-notte-tour\/#breadcrumb","itemListElement":[{"@type":"ListItem","position":1,"name":"Home","item":"https:\/\/scugnizzoliberato.org\/nadircollective\/"},{"@type":"ListItem","position":2,"name":"Murubutu &#8211; Tenebra \u00e8 la Notte Tour"}]},{"@type":"WebSite","@id":"https:\/\/scugnizzoliberato.org\/nadircollective\/#website","url":"https:\/\/scugnizzoliberato.org\/nadircollective\/","name":"NaDir Collective","description":"Collettivo di musicist*, artist*, precar* dello spettacolo \ud83d\ude802015 \ud83c\udfe0 Scugnizzo Liberato \/ Napoli","publisher":{"@id":"https:\/\/scugnizzoliberato.org\/nadircollective\/#organization"},"potentialAction":[{"@type":"SearchAction","target":{"@type":"EntryPoint","urlTemplate":"https:\/\/scugnizzoliberato.org\/nadircollective\/?s={search_term_string}"},"query-input":{"@type":"PropertyValueSpecification","valueRequired":true,"valueName":"search_term_string"}}],"inLanguage":"en-US"},{"@type":"Organization","@id":"https:\/\/scugnizzoliberato.org\/nadircollective\/#organization","name":"NaDir \/ Napoli Direzione Opposta","url":"https:\/\/scugnizzoliberato.org\/nadircollective\/","logo":{"@type":"ImageObject","inLanguage":"en-US","@id":"https:\/\/scugnizzoliberato.org\/nadircollective\/#\/schema\/logo\/image\/","url":"https:\/\/scugnizzoliberato.org\/nadircollective\/wp-content\/uploads\/2018\/05\/sestante-NaDir.png","contentUrl":"https:\/\/scugnizzoliberato.org\/nadircollective\/wp-content\/uploads\/2018\/05\/sestante-NaDir.png","width":512,"height":512,"caption":"NaDir \/ Napoli Direzione Opposta"},"image":{"@id":"https:\/\/scugnizzoliberato.org\/nadircollective\/#\/schema\/logo\/image\/"},"sameAs":["https:\/\/www.facebook.com\/nadirdirezioneopposta\/","https:\/\/x.com\/NaDirCollective","https:\/\/www.instagram.com\/nadir_direzioneopposta\/","https:\/\/www.youtube.com\/channel\/UCdR4Xs7DPzaR7HQslIgHMTA"]},{"@type":"Person","@id":"https:\/\/scugnizzoliberato.org\/nadircollective\/#\/schema\/person\/1bdc7299786c6071afc844c64144873b","name":"totore.ndr","image":{"@type":"ImageObject","inLanguage":"en-US","@id":"https:\/\/secure.gravatar.com\/avatar\/97719b56edf382382239f4435173fbdb7157011d54897b2c163ba35ac0752cec?s=96&d=mm&r=g","url":"https:\/\/secure.gravatar.com\/avatar\/97719b56edf382382239f4435173fbdb7157011d54897b2c163ba35ac0752cec?s=96&d=mm&r=g","contentUrl":"https:\/\/secure.gravatar.com\/avatar\/97719b56edf382382239f4435173fbdb7157011d54897b2c163ba35ac0752cec?s=96&d=mm&r=g","caption":"totore.ndr"}}]}},"_links":{"self":[{"href":"https:\/\/scugnizzoliberato.org\/nadircollective\/wp-json\/wp\/v2\/posts\/891","targetHints":{"allow":["GET"]}}],"collection":[{"href":"https:\/\/scugnizzoliberato.org\/nadircollective\/wp-json\/wp\/v2\/posts"}],"about":[{"href":"https:\/\/scugnizzoliberato.org\/nadircollective\/wp-json\/wp\/v2\/types\/post"}],"author":[{"embeddable":true,"href":"https:\/\/scugnizzoliberato.org\/nadircollective\/wp-json\/wp\/v2\/users\/9"}],"replies":[{"embeddable":true,"href":"https:\/\/scugnizzoliberato.org\/nadircollective\/wp-json\/wp\/v2\/comments?post=891"}],"version-history":[{"count":5,"href":"https:\/\/scugnizzoliberato.org\/nadircollective\/wp-json\/wp\/v2\/posts\/891\/revisions"}],"predecessor-version":[{"id":911,"href":"https:\/\/scugnizzoliberato.org\/nadircollective\/wp-json\/wp\/v2\/posts\/891\/revisions\/911"}],"wp:attachment":[{"href":"https:\/\/scugnizzoliberato.org\/nadircollective\/wp-json\/wp\/v2\/media?parent=891"}],"wp:term":[{"taxonomy":"category","embeddable":true,"href":"https:\/\/scugnizzoliberato.org\/nadircollective\/wp-json\/wp\/v2\/categories?post=891"},{"taxonomy":"post_tag","embeddable":true,"href":"https:\/\/scugnizzoliberato.org\/nadircollective\/wp-json\/wp\/v2\/tags?post=891"}],"curies":[{"name":"wp","href":"https:\/\/api.w.org\/{rel}","templated":true}]}}