{"id":873,"date":"2019-05-16T12:34:36","date_gmt":"2019-05-16T10:34:36","guid":{"rendered":"https:\/\/www.nadir.fm\/?p=873"},"modified":"2019-05-23T12:35:59","modified_gmt":"2019-05-23T10:35:59","slug":"nadir-festival-2019","status":"publish","type":"post","link":"https:\/\/scugnizzoliberato.org\/nadircollective\/nadir-festival-2019\/","title":{"rendered":"Nadir Festival 2019"},"content":{"rendered":"\n<p>\n Forse qualcuno lo immaginava gi\u00e0 dall\u2019assenza di annunci, forse \nqualcuno ancora ci sperava, forse a qualcuno non interessa e basta; in \nogni caso ci pensiamo noi oggi, a levarci questo macigno dal petto e a \nconfermare che quest\u2019anno il NaDir Festival non si far\u00e0.<\/p>\n\n\n\n<p>Un  percorso di quattro anni, fatto di musica, attivismo, riqualificazione,  dibattito, sudore, un percorso che per quattro edizioni ci ha visti  crescere e cambiare tantissimo nelle ambizioni, negli obiettivi, nella  composizione umana, nei risultati, con gli alti e bassi che sono propri  di ogni grande avventura, si interrompe qui, almeno per quest\u2019anno.<br>Le ragioni sono complesse, ma in realt\u00e0 anche semplicissime: quest\u2019anno  la nostra location abituale, il Polifunzionale di Soccavo, sar\u00e0  occupata durante i mesi di giugno e luglio dalle Universiadi, la  manifestazione sportiva multidisciplinare rivolta agli atleti  universitari di tutto il mondo di cui si \u00e8 fatto un gran parlare in  questi mesi.<br>Il Polifunzionale di Soccavo per noi non era solo una  location, era il punto focale della sfida che NaDir decise di lanciare <strong>quattro anni fa al mercato musicale e alla citt\u00e0: nel vuoto pneumatico dell\u2019offerta culturale napoletana, priva di festival e carente di spazi  per la musica dal vivo, lanciare un festival e farlo lontano dai poli di  attrazione della movida e del turismo, in una di quelle periferie dove  il vuoto abbraccia l\u2019offerta culturale come qualunque altro servizio,  opportunit\u00e0, diritto.<\/strong><\/p>\n\n\n\n<p> Il NaDir Festival \u00e8 legato a doppio filo  con la campagna per la riqualificazione del Polifunzionale, che \u00e8 in  qualche modo cresciuta insieme al festival come il festival \u00e8 cresciuto  insieme a lei e all\u2019attivismo, sempre pi\u00f9 radicato, del quartiere  Soccavo. Era ormai legato a doppio filo anche con il quartiere Soccavo e  con il Rione Traiano: se la prima edizione del Festival fu accolta  dagli abitanti con diffidenza, indifferenza o addirittura fastidio, un  alieno rumoroso portato l\u00ec da uno sparuto gruppo di sconosciuti e  attivisti locali, dopo quattro anni il <strong>NaDir era diventato un  appuntamento fisso accolto con curiosit\u00e0 e una discreta partecipazione,  che \u00e8 diventata massiccia durante l\u2019ultima serata della quarta edizione<\/strong>,  quando il quartiere ha invaso l\u2019area del festival per assistere agli  show di Enzo Gragnaniello e Vale Lambo, un momento che restituisce da  solo il senso, e il successo almeno parziale, della pazzia che abbiamo  portato avanti dal 2015.<\/p>\n\n\n\n<figure class=\"wp-block-image is-resized\"><img loading=\"lazy\" decoding=\"async\" src=\"https:\/\/www.nadir.fm\/wordpress\/wp-content\/uploads\/2019\/05\/60260204_1716178655194129_82774924715884544_o-1024x685.jpg\" alt=\"\" class=\"wp-image-876\" width=\"1024\" height=\"685\" srcset=\"https:\/\/scugnizzoliberato.org\/nadircollective\/wp-content\/uploads\/2019\/05\/60260204_1716178655194129_82774924715884544_o.jpg 1024w, https:\/\/scugnizzoliberato.org\/nadircollective\/wp-content\/uploads\/2019\/05\/60260204_1716178655194129_82774924715884544_o-300x201.jpg 300w, https:\/\/scugnizzoliberato.org\/nadircollective\/wp-content\/uploads\/2019\/05\/60260204_1716178655194129_82774924715884544_o-768x514.jpg 768w, https:\/\/scugnizzoliberato.org\/nadircollective\/wp-content\/uploads\/2019\/05\/60260204_1716178655194129_82774924715884544_o-360x240.jpg 360w\" sizes=\"auto, (max-width: 1024px) 100vw, 1024px\" \/><\/figure>\n\n\n\n<p>Cambiare location per il 2019 avrebbe  significato non solo trovare un altro luogo dove ricalibrare da zero   logistica, distribuzione di aree e spazi, funzionamento generale, come  se fosse facile; avrebbe significato reinventare lo spirito, l\u2019anima e  il senso del NaDir Festival, riorientare la bussola verso quella  Direzione Opposta che abbiamo seguito in questi anni.<br>Una complessa operazione che non ci siamo sentiti in grado di fare quest\u2019anno.<br>Perch\u00e9 <strong>organizzare un festival diventa sempre pi\u00f9 difficile, stretti  nella morsa di una burocrazia e di norme di sicurezza sempre pi\u00f9 esigenti<\/strong>, in maniere che spesso sembrano quasi strumentali e non votate  semplicemente alla maggior tutela della sicurezza di spettatori e  lavoratori.<br>Perch\u00e9 il <strong>mercato musicale sta attraversando una fase  particolare<\/strong>, in cui i cachet si stabiliscono contando visualizzazioni e  misurando l\u2019hype, spesso oltre le reali possibilit\u00e0 di affluenza  soprattutto in un contesto particolare come quello napoletano;  situazione non facile per chi come noi opera in maniera totalmente  autofinanziata, senza aiuti economici e sponsor ma sostenendosi solo con  la vendita dei biglietti, e considera pi\u00f9 importante garantire  l\u2019accessibilit\u00e0 alla musica dal vivo, mantenendo i prezzi dei biglietti  abbordabili per tutte le tasche, che stare dietro alle complicate  esigenze di alcuni promoter e booking.<\/p>\n\n\n\n<p>Perch\u00e9 riflettere sul  nuovo volto del festival avrebbe anche significato <strong>chiedersi quale possa  essere il senso di un progetto come il NaDir Festival <\/strong>in una situazione  per la scena musicale napoletana cos\u00ec diversa da quella che era quando  lo abbiamo lanciato.<br>Perch\u00e9 tutto ci\u00f2 avrebbe richiesto, e questo sono le note meno dolenti, un tempo ed un impegno che non ci siamo  sentiti di poter profondere, essendo quotidianamente impegnati nella  programmazione musicale e culturale allo Scugnizzo Liberato. <strong>Un fronte diverso da quello della periferia, quello di un Centro Storico sempre  pi\u00f9 mercificato a uso e consumo di una movida e un turismo usa e getta<\/strong>. Un contesto in cui siamo impegnati da quasi quattro anni insieme agli  altri attivisti ed attiviste dello Scugnizzo, cercando di dare vita ad  un\u2019offerta culturale che abbia i principi, lo spirito e l\u2019attitudine  che, al di l\u00e0 del format, della location, al di l\u00e0 di chi \u00e8 sopra o  dietro al palco, crediamo costituiscano il senso e l\u2019anima di NaDir,  quella sfida ad andare in Direzione Opposta che abbiamo lanciato con  spirito eretico, coraggio e tanta incoscienza nell\u2019estate del 2015. <\/p>\n\n\n\n<p>Questa quarta stagione di Scugnizzo Liberato ci ha gi\u00e0 dato le sue  soddisfazioni, con i concerti di Sula Ventrebianco, Gomma e tanti altri,  con i tradizionali appuntamenti di Parentalia e Ue\u2019 Fest, con la  rassegna Gravit\u00e0 Zero che cresce di anno in anno.<br>Ma senza riposare  sugli allori,  quest\u2019anno chiuderemo in bellezza la stagione con due  eventi presentati da NaDir allo Scugnizzo Liberato, due concerti a cui  teniamo molto, di cui pensiamo che l\u2019estate napoletana avesse bisogno e  che presto saranno a queste coordinate.<br> Come sempre, in #direzioneopposta.<\/p>\n\n\n\n<p><strong> NaDir Collective<\/strong><\/p>\n","protected":false},"excerpt":{"rendered":"<p>Forse qualcuno lo immaginava gi\u00e0 dall\u2019assenza di annunci, forse qualcuno ancora ci sperava, forse a qualcuno non interessa e basta; in ogni caso ci pensiamo noi oggi, a levarci questo macigno dal petto e a confermare che quest\u2019anno il NaDir Festival non si far\u00e0. Un percorso di quattro anni, fatto [&hellip;]<\/p>\n","protected":false},"author":9,"featured_media":0,"comment_status":"closed","ping_status":"closed","sticky":false,"template":"","format":"standard","meta":{"footnotes":""},"categories":[5],"tags":[],"class_list":["post-873","post","type-post","status-publish","format-standard","hentry","category-nadir-festival"],"yoast_head":"<!-- This site is optimized with the Yoast SEO plugin v27.5 - https:\/\/yoast.com\/product\/yoast-seo-wordpress\/ -->\n<title>Nadir Festival 2019 - NaDir \/ Napoli Direzione Opposta<\/title>\n<meta name=\"robots\" content=\"index, follow, max-snippet:-1, max-image-preview:large, max-video-preview:-1\" \/>\n<link rel=\"canonical\" href=\"https:\/\/scugnizzoliberato.org\/nadircollective\/nadir-festival-2019\/\" \/>\n<meta property=\"og:locale\" content=\"en_US\" \/>\n<meta property=\"og:type\" content=\"article\" \/>\n<meta property=\"og:title\" content=\"Nadir Festival 2019 - NaDir \/ Napoli Direzione Opposta\" \/>\n<meta property=\"og:description\" content=\"Forse qualcuno lo immaginava gi\u00e0 dall\u2019assenza di annunci, forse qualcuno ancora ci sperava, forse a qualcuno non interessa e basta; in ogni caso ci pensiamo noi oggi, a levarci questo macigno dal petto e a confermare che quest\u2019anno il NaDir Festival non si far\u00e0. Un percorso di quattro anni, fatto [&hellip;]\" \/>\n<meta property=\"og:url\" content=\"https:\/\/scugnizzoliberato.org\/nadircollective\/nadir-festival-2019\/\" \/>\n<meta property=\"og:site_name\" content=\"NaDir \/ Napoli Direzione Opposta\" \/>\n<meta property=\"article:publisher\" content=\"https:\/\/www.facebook.com\/nadirdirezioneopposta\/\" \/>\n<meta property=\"article:published_time\" content=\"2019-05-16T10:34:36+00:00\" \/>\n<meta property=\"article:modified_time\" content=\"2019-05-23T10:35:59+00:00\" \/>\n<meta property=\"og:image\" content=\"https:\/\/www.nadir.fm\/wordpress\/wp-content\/uploads\/2019\/05\/60260204_1716178655194129_82774924715884544_o-1024x685.jpg\" \/>\n<meta name=\"author\" content=\"totore.ndr\" \/>\n<meta name=\"twitter:card\" content=\"summary_large_image\" \/>\n<meta name=\"twitter:creator\" content=\"@NaDirCollective\" \/>\n<meta name=\"twitter:site\" content=\"@NaDirCollective\" \/>\n<meta name=\"twitter:label1\" content=\"Written by\" \/>\n\t<meta name=\"twitter:data1\" content=\"totore.ndr\" \/>\n\t<meta name=\"twitter:label2\" content=\"Est. reading time\" \/>\n\t<meta name=\"twitter:data2\" content=\"4 minutes\" \/>\n<script type=\"application\/ld+json\" class=\"yoast-schema-graph\">{\"@context\":\"https:\\\/\\\/schema.org\",\"@graph\":[{\"@type\":\"Article\",\"@id\":\"https:\\\/\\\/scugnizzoliberato.org\\\/nadircollective\\\/nadir-festival-2019\\\/#article\",\"isPartOf\":{\"@id\":\"https:\\\/\\\/scugnizzoliberato.org\\\/nadircollective\\\/nadir-festival-2019\\\/\"},\"author\":{\"name\":\"totore.ndr\",\"@id\":\"https:\\\/\\\/scugnizzoliberato.org\\\/nadircollective\\\/#\\\/schema\\\/person\\\/1bdc7299786c6071afc844c64144873b\"},\"headline\":\"Nadir Festival 2019\",\"datePublished\":\"2019-05-16T10:34:36+00:00\",\"dateModified\":\"2019-05-23T10:35:59+00:00\",\"mainEntityOfPage\":{\"@id\":\"https:\\\/\\\/scugnizzoliberato.org\\\/nadircollective\\\/nadir-festival-2019\\\/\"},\"wordCount\":869,\"publisher\":{\"@id\":\"https:\\\/\\\/scugnizzoliberato.org\\\/nadircollective\\\/#organization\"},\"image\":{\"@id\":\"https:\\\/\\\/scugnizzoliberato.org\\\/nadircollective\\\/nadir-festival-2019\\\/#primaryimage\"},\"thumbnailUrl\":\"https:\\\/\\\/www.nadir.fm\\\/wordpress\\\/wp-content\\\/uploads\\\/2019\\\/05\\\/60260204_1716178655194129_82774924715884544_o-1024x685.jpg\",\"articleSection\":[\"NaDir Festival\"],\"inLanguage\":\"en-US\"},{\"@type\":\"WebPage\",\"@id\":\"https:\\\/\\\/scugnizzoliberato.org\\\/nadircollective\\\/nadir-festival-2019\\\/\",\"url\":\"https:\\\/\\\/scugnizzoliberato.org\\\/nadircollective\\\/nadir-festival-2019\\\/\",\"name\":\"Nadir Festival 2019 - NaDir \\\/ Napoli Direzione Opposta\",\"isPartOf\":{\"@id\":\"https:\\\/\\\/scugnizzoliberato.org\\\/nadircollective\\\/#website\"},\"primaryImageOfPage\":{\"@id\":\"https:\\\/\\\/scugnizzoliberato.org\\\/nadircollective\\\/nadir-festival-2019\\\/#primaryimage\"},\"image\":{\"@id\":\"https:\\\/\\\/scugnizzoliberato.org\\\/nadircollective\\\/nadir-festival-2019\\\/#primaryimage\"},\"thumbnailUrl\":\"https:\\\/\\\/www.nadir.fm\\\/wordpress\\\/wp-content\\\/uploads\\\/2019\\\/05\\\/60260204_1716178655194129_82774924715884544_o-1024x685.jpg\",\"datePublished\":\"2019-05-16T10:34:36+00:00\",\"dateModified\":\"2019-05-23T10:35:59+00:00\",\"breadcrumb\":{\"@id\":\"https:\\\/\\\/scugnizzoliberato.org\\\/nadircollective\\\/nadir-festival-2019\\\/#breadcrumb\"},\"inLanguage\":\"en-US\",\"potentialAction\":[{\"@type\":\"ReadAction\",\"target\":[\"https:\\\/\\\/scugnizzoliberato.org\\\/nadircollective\\\/nadir-festival-2019\\\/\"]}]},{\"@type\":\"ImageObject\",\"inLanguage\":\"en-US\",\"@id\":\"https:\\\/\\\/scugnizzoliberato.org\\\/nadircollective\\\/nadir-festival-2019\\\/#primaryimage\",\"url\":\"https:\\\/\\\/www.nadir.fm\\\/wordpress\\\/wp-content\\\/uploads\\\/2019\\\/05\\\/60260204_1716178655194129_82774924715884544_o-1024x685.jpg\",\"contentUrl\":\"https:\\\/\\\/www.nadir.fm\\\/wordpress\\\/wp-content\\\/uploads\\\/2019\\\/05\\\/60260204_1716178655194129_82774924715884544_o-1024x685.jpg\"},{\"@type\":\"BreadcrumbList\",\"@id\":\"https:\\\/\\\/scugnizzoliberato.org\\\/nadircollective\\\/nadir-festival-2019\\\/#breadcrumb\",\"itemListElement\":[{\"@type\":\"ListItem\",\"position\":1,\"name\":\"Home\",\"item\":\"https:\\\/\\\/scugnizzoliberato.org\\\/nadircollective\\\/\"},{\"@type\":\"ListItem\",\"position\":2,\"name\":\"Nadir Festival 2019\"}]},{\"@type\":\"WebSite\",\"@id\":\"https:\\\/\\\/scugnizzoliberato.org\\\/nadircollective\\\/#website\",\"url\":\"https:\\\/\\\/scugnizzoliberato.org\\\/nadircollective\\\/\",\"name\":\"NaDir Collective\",\"description\":\"Collettivo di musicist*, artist*, precar* dello spettacolo \ud83d\ude802015 \ud83c\udfe0 Scugnizzo Liberato \\\/ Napoli\",\"publisher\":{\"@id\":\"https:\\\/\\\/scugnizzoliberato.org\\\/nadircollective\\\/#organization\"},\"potentialAction\":[{\"@type\":\"SearchAction\",\"target\":{\"@type\":\"EntryPoint\",\"urlTemplate\":\"https:\\\/\\\/scugnizzoliberato.org\\\/nadircollective\\\/?s={search_term_string}\"},\"query-input\":{\"@type\":\"PropertyValueSpecification\",\"valueRequired\":true,\"valueName\":\"search_term_string\"}}],\"inLanguage\":\"en-US\"},{\"@type\":\"Organization\",\"@id\":\"https:\\\/\\\/scugnizzoliberato.org\\\/nadircollective\\\/#organization\",\"name\":\"NaDir \\\/ Napoli Direzione Opposta\",\"url\":\"https:\\\/\\\/scugnizzoliberato.org\\\/nadircollective\\\/\",\"logo\":{\"@type\":\"ImageObject\",\"inLanguage\":\"en-US\",\"@id\":\"https:\\\/\\\/scugnizzoliberato.org\\\/nadircollective\\\/#\\\/schema\\\/logo\\\/image\\\/\",\"url\":\"https:\\\/\\\/scugnizzoliberato.org\\\/nadircollective\\\/wp-content\\\/uploads\\\/2018\\\/05\\\/sestante-NaDir.png\",\"contentUrl\":\"https:\\\/\\\/scugnizzoliberato.org\\\/nadircollective\\\/wp-content\\\/uploads\\\/2018\\\/05\\\/sestante-NaDir.png\",\"width\":512,\"height\":512,\"caption\":\"NaDir \\\/ Napoli Direzione Opposta\"},\"image\":{\"@id\":\"https:\\\/\\\/scugnizzoliberato.org\\\/nadircollective\\\/#\\\/schema\\\/logo\\\/image\\\/\"},\"sameAs\":[\"https:\\\/\\\/www.facebook.com\\\/nadirdirezioneopposta\\\/\",\"https:\\\/\\\/x.com\\\/NaDirCollective\",\"https:\\\/\\\/www.instagram.com\\\/nadir_direzioneopposta\\\/\",\"https:\\\/\\\/www.youtube.com\\\/channel\\\/UCdR4Xs7DPzaR7HQslIgHMTA\"]},{\"@type\":\"Person\",\"@id\":\"https:\\\/\\\/scugnizzoliberato.org\\\/nadircollective\\\/#\\\/schema\\\/person\\\/1bdc7299786c6071afc844c64144873b\",\"name\":\"totore.ndr\",\"image\":{\"@type\":\"ImageObject\",\"inLanguage\":\"en-US\",\"@id\":\"https:\\\/\\\/secure.gravatar.com\\\/avatar\\\/97719b56edf382382239f4435173fbdb7157011d54897b2c163ba35ac0752cec?s=96&d=mm&r=g\",\"url\":\"https:\\\/\\\/secure.gravatar.com\\\/avatar\\\/97719b56edf382382239f4435173fbdb7157011d54897b2c163ba35ac0752cec?s=96&d=mm&r=g\",\"contentUrl\":\"https:\\\/\\\/secure.gravatar.com\\\/avatar\\\/97719b56edf382382239f4435173fbdb7157011d54897b2c163ba35ac0752cec?s=96&d=mm&r=g\",\"caption\":\"totore.ndr\"}}]}<\/script>\n<!-- \/ Yoast SEO plugin. -->","yoast_head_json":{"title":"Nadir Festival 2019 - NaDir \/ Napoli Direzione Opposta","robots":{"index":"index","follow":"follow","max-snippet":"max-snippet:-1","max-image-preview":"max-image-preview:large","max-video-preview":"max-video-preview:-1"},"canonical":"https:\/\/scugnizzoliberato.org\/nadircollective\/nadir-festival-2019\/","og_locale":"en_US","og_type":"article","og_title":"Nadir Festival 2019 - NaDir \/ Napoli Direzione Opposta","og_description":"Forse qualcuno lo immaginava gi\u00e0 dall\u2019assenza di annunci, forse qualcuno ancora ci sperava, forse a qualcuno non interessa e basta; in ogni caso ci pensiamo noi oggi, a levarci questo macigno dal petto e a confermare che quest\u2019anno il NaDir Festival non si far\u00e0. Un percorso di quattro anni, fatto [&hellip;]","og_url":"https:\/\/scugnizzoliberato.org\/nadircollective\/nadir-festival-2019\/","og_site_name":"NaDir \/ Napoli Direzione Opposta","article_publisher":"https:\/\/www.facebook.com\/nadirdirezioneopposta\/","article_published_time":"2019-05-16T10:34:36+00:00","article_modified_time":"2019-05-23T10:35:59+00:00","og_image":[{"url":"https:\/\/www.nadir.fm\/wordpress\/wp-content\/uploads\/2019\/05\/60260204_1716178655194129_82774924715884544_o-1024x685.jpg","type":"","width":"","height":""}],"author":"totore.ndr","twitter_card":"summary_large_image","twitter_creator":"@NaDirCollective","twitter_site":"@NaDirCollective","twitter_misc":{"Written by":"totore.ndr","Est. reading time":"4 minutes"},"schema":{"@context":"https:\/\/schema.org","@graph":[{"@type":"Article","@id":"https:\/\/scugnizzoliberato.org\/nadircollective\/nadir-festival-2019\/#article","isPartOf":{"@id":"https:\/\/scugnizzoliberato.org\/nadircollective\/nadir-festival-2019\/"},"author":{"name":"totore.ndr","@id":"https:\/\/scugnizzoliberato.org\/nadircollective\/#\/schema\/person\/1bdc7299786c6071afc844c64144873b"},"headline":"Nadir Festival 2019","datePublished":"2019-05-16T10:34:36+00:00","dateModified":"2019-05-23T10:35:59+00:00","mainEntityOfPage":{"@id":"https:\/\/scugnizzoliberato.org\/nadircollective\/nadir-festival-2019\/"},"wordCount":869,"publisher":{"@id":"https:\/\/scugnizzoliberato.org\/nadircollective\/#organization"},"image":{"@id":"https:\/\/scugnizzoliberato.org\/nadircollective\/nadir-festival-2019\/#primaryimage"},"thumbnailUrl":"https:\/\/www.nadir.fm\/wordpress\/wp-content\/uploads\/2019\/05\/60260204_1716178655194129_82774924715884544_o-1024x685.jpg","articleSection":["NaDir Festival"],"inLanguage":"en-US"},{"@type":"WebPage","@id":"https:\/\/scugnizzoliberato.org\/nadircollective\/nadir-festival-2019\/","url":"https:\/\/scugnizzoliberato.org\/nadircollective\/nadir-festival-2019\/","name":"Nadir Festival 2019 - NaDir \/ Napoli Direzione Opposta","isPartOf":{"@id":"https:\/\/scugnizzoliberato.org\/nadircollective\/#website"},"primaryImageOfPage":{"@id":"https:\/\/scugnizzoliberato.org\/nadircollective\/nadir-festival-2019\/#primaryimage"},"image":{"@id":"https:\/\/scugnizzoliberato.org\/nadircollective\/nadir-festival-2019\/#primaryimage"},"thumbnailUrl":"https:\/\/www.nadir.fm\/wordpress\/wp-content\/uploads\/2019\/05\/60260204_1716178655194129_82774924715884544_o-1024x685.jpg","datePublished":"2019-05-16T10:34:36+00:00","dateModified":"2019-05-23T10:35:59+00:00","breadcrumb":{"@id":"https:\/\/scugnizzoliberato.org\/nadircollective\/nadir-festival-2019\/#breadcrumb"},"inLanguage":"en-US","potentialAction":[{"@type":"ReadAction","target":["https:\/\/scugnizzoliberato.org\/nadircollective\/nadir-festival-2019\/"]}]},{"@type":"ImageObject","inLanguage":"en-US","@id":"https:\/\/scugnizzoliberato.org\/nadircollective\/nadir-festival-2019\/#primaryimage","url":"https:\/\/www.nadir.fm\/wordpress\/wp-content\/uploads\/2019\/05\/60260204_1716178655194129_82774924715884544_o-1024x685.jpg","contentUrl":"https:\/\/www.nadir.fm\/wordpress\/wp-content\/uploads\/2019\/05\/60260204_1716178655194129_82774924715884544_o-1024x685.jpg"},{"@type":"BreadcrumbList","@id":"https:\/\/scugnizzoliberato.org\/nadircollective\/nadir-festival-2019\/#breadcrumb","itemListElement":[{"@type":"ListItem","position":1,"name":"Home","item":"https:\/\/scugnizzoliberato.org\/nadircollective\/"},{"@type":"ListItem","position":2,"name":"Nadir Festival 2019"}]},{"@type":"WebSite","@id":"https:\/\/scugnizzoliberato.org\/nadircollective\/#website","url":"https:\/\/scugnizzoliberato.org\/nadircollective\/","name":"NaDir Collective","description":"Collettivo di musicist*, artist*, precar* dello spettacolo \ud83d\ude802015 \ud83c\udfe0 Scugnizzo Liberato \/ Napoli","publisher":{"@id":"https:\/\/scugnizzoliberato.org\/nadircollective\/#organization"},"potentialAction":[{"@type":"SearchAction","target":{"@type":"EntryPoint","urlTemplate":"https:\/\/scugnizzoliberato.org\/nadircollective\/?s={search_term_string}"},"query-input":{"@type":"PropertyValueSpecification","valueRequired":true,"valueName":"search_term_string"}}],"inLanguage":"en-US"},{"@type":"Organization","@id":"https:\/\/scugnizzoliberato.org\/nadircollective\/#organization","name":"NaDir \/ Napoli Direzione Opposta","url":"https:\/\/scugnizzoliberato.org\/nadircollective\/","logo":{"@type":"ImageObject","inLanguage":"en-US","@id":"https:\/\/scugnizzoliberato.org\/nadircollective\/#\/schema\/logo\/image\/","url":"https:\/\/scugnizzoliberato.org\/nadircollective\/wp-content\/uploads\/2018\/05\/sestante-NaDir.png","contentUrl":"https:\/\/scugnizzoliberato.org\/nadircollective\/wp-content\/uploads\/2018\/05\/sestante-NaDir.png","width":512,"height":512,"caption":"NaDir \/ Napoli Direzione Opposta"},"image":{"@id":"https:\/\/scugnizzoliberato.org\/nadircollective\/#\/schema\/logo\/image\/"},"sameAs":["https:\/\/www.facebook.com\/nadirdirezioneopposta\/","https:\/\/x.com\/NaDirCollective","https:\/\/www.instagram.com\/nadir_direzioneopposta\/","https:\/\/www.youtube.com\/channel\/UCdR4Xs7DPzaR7HQslIgHMTA"]},{"@type":"Person","@id":"https:\/\/scugnizzoliberato.org\/nadircollective\/#\/schema\/person\/1bdc7299786c6071afc844c64144873b","name":"totore.ndr","image":{"@type":"ImageObject","inLanguage":"en-US","@id":"https:\/\/secure.gravatar.com\/avatar\/97719b56edf382382239f4435173fbdb7157011d54897b2c163ba35ac0752cec?s=96&d=mm&r=g","url":"https:\/\/secure.gravatar.com\/avatar\/97719b56edf382382239f4435173fbdb7157011d54897b2c163ba35ac0752cec?s=96&d=mm&r=g","contentUrl":"https:\/\/secure.gravatar.com\/avatar\/97719b56edf382382239f4435173fbdb7157011d54897b2c163ba35ac0752cec?s=96&d=mm&r=g","caption":"totore.ndr"}}]}},"_links":{"self":[{"href":"https:\/\/scugnizzoliberato.org\/nadircollective\/wp-json\/wp\/v2\/posts\/873","targetHints":{"allow":["GET"]}}],"collection":[{"href":"https:\/\/scugnizzoliberato.org\/nadircollective\/wp-json\/wp\/v2\/posts"}],"about":[{"href":"https:\/\/scugnizzoliberato.org\/nadircollective\/wp-json\/wp\/v2\/types\/post"}],"author":[{"embeddable":true,"href":"https:\/\/scugnizzoliberato.org\/nadircollective\/wp-json\/wp\/v2\/users\/9"}],"replies":[{"embeddable":true,"href":"https:\/\/scugnizzoliberato.org\/nadircollective\/wp-json\/wp\/v2\/comments?post=873"}],"version-history":[{"count":4,"href":"https:\/\/scugnizzoliberato.org\/nadircollective\/wp-json\/wp\/v2\/posts\/873\/revisions"}],"predecessor-version":[{"id":878,"href":"https:\/\/scugnizzoliberato.org\/nadircollective\/wp-json\/wp\/v2\/posts\/873\/revisions\/878"}],"wp:attachment":[{"href":"https:\/\/scugnizzoliberato.org\/nadircollective\/wp-json\/wp\/v2\/media?parent=873"}],"wp:term":[{"taxonomy":"category","embeddable":true,"href":"https:\/\/scugnizzoliberato.org\/nadircollective\/wp-json\/wp\/v2\/categories?post=873"},{"taxonomy":"post_tag","embeddable":true,"href":"https:\/\/scugnizzoliberato.org\/nadircollective\/wp-json\/wp\/v2\/tags?post=873"}],"curies":[{"name":"wp","href":"https:\/\/api.w.org\/{rel}","templated":true}]}}