{"id":510,"date":"2018-05-02T23:05:01","date_gmt":"2018-05-02T21:05:01","guid":{"rendered":"https:\/\/www.nadir.fm\/wordpress\/?p=510"},"modified":"2022-02-10T15:32:10","modified_gmt":"2022-02-10T14:32:10","slug":"uefest-duepuntozero","status":"publish","type":"post","link":"https:\/\/scugnizzoliberato.org\/nadircollective\/uefest-duepuntozero\/","title":{"rendered":"UeFest duepuntozero"},"content":{"rendered":"<p><strong>UNDERGROUND<\/strong><br \/>\nPerch\u00e9 rivendichiamo la natura sotterranea del mondo della cultura indipendente, dell\u2019autoproduzione e della controcultura. Non perch\u00e9 crediamo nel settarismo e nell\u2019isolamento, ma perch\u00e9 pensiamo che la sua essenza sia nel processo di produzione e organizzazione dal basso, anche quando questo si pu\u00f2 interfacciare virtuosamente con quello che identifichiamo come mainstream. Gli oltre sessanta espositori che abbiamo ospitato nei nostri spazi per il Ue&#8217; Fest non sono gli esclusi del fumetto e dell\u2019illustrazione \u201cufficiali\u201d, sono coloro che credono nella forza dell\u2019apertura e dell\u2019organizzazione orizzontale, nell\u2019indipendenza del processo creativo e produttivo, nella sua collettivizzazione attraverso esperienze come quelle dei workshop di Officine UE&#8217;, che produrranno il secondo numero dei Quaderni dello Scugnizzo, la fanzine che abbiamo lanciato come prima autoproduzione targata Ue\u2019.<\/p>\n<p><strong>ECCETERA<\/strong><br \/>\nPerch\u00e9 crediamo che la forza della cultura indipendente sia nella forza delle sue ibridazioni e connessioni. Per questo Ue&#8217; Fest \u00e8 il festival del fumetto Underground e dell\u2019autoproduzione a stampa, ma \u00e8 anche il festival che ha ospitato performance teatrali sperimentali ed esibizioni di guarrattelle del \u2018500, laboratori di autocostruzione e oltre dieci performance musicali: sonorizzazioni dal vivo, musica sperimentale, aggregazioni danzerecce spontanee, live di gruppi della scena indipendente napoletana come Guru, Napoli Rockers Syndicate e la bestia CARENNE, per finire con un evento speciale come la performance dell\u2019 Orchestra Elettroacustica Officina Arti Soniche &#8211; OEOAS nel porticato monumentale dello scugnizzo, un dialogo fra musica e spazio che secondo noi ha mostrato tutta le potenzialit\u00e0 di incontro fra musica sperimentale e fruibilit\u00e0.<\/p>\n<p><img decoding=\"async\" src=\"https:\/\/www.nadir.fm\/wordpress\/wp-content\/uploads\/2018\/05\/31841716_1369673879844610_5323152144193290240_o.jpg\" alt=\"\" class=\"wp-image-511 size-full aligncenter\" width=\"100%\" srcset=\"https:\/\/scugnizzoliberato.org\/nadircollective\/wp-content\/uploads\/2018\/05\/31841716_1369673879844610_5323152144193290240_o.jpg 1024w, https:\/\/scugnizzoliberato.org\/nadircollective\/wp-content\/uploads\/2018\/05\/31841716_1369673879844610_5323152144193290240_o-300x200.jpg 300w, https:\/\/scugnizzoliberato.org\/nadircollective\/wp-content\/uploads\/2018\/05\/31841716_1369673879844610_5323152144193290240_o-768x511.jpg 768w, https:\/\/scugnizzoliberato.org\/nadircollective\/wp-content\/uploads\/2018\/05\/31841716_1369673879844610_5323152144193290240_o-360x240.jpg 360w\" sizes=\"(max-width: 1024px) 100vw, 1024px\" \/><\/p>\n<p><strong>UE&#8217;<\/strong><br \/>\nPerch\u00e9 siamo a Napoli, in un quartiere popolare come Montesanto, e riappropriarci ironicamente di una espressione tipica della lingua delle nostre strade vuol dire anche rivendicare la posizione geografica e culturale. I tre giorni di Ue Fest sono stati impreziositi da un cortocircuito fra e la dimensione quotidiana dello Scugnizzo Liberato, con il cortile aperto e frequentato come piazza di quartiere e campetto sportivo, la proiezione della partita del Napoli, la curiosit\u00e0 dei ragazzini verso il mondo colorato e immaginifico che abbiamo ospitato nei nostri spazi il weekend scorso.<br \/>\nDove ci sono aggregazione e socialit\u00e0 spontanee, quello \u00e8 il posto giusto per la nostra idea di produzione e fruizione culturale.<\/p>\n<p><strong>DUEPUNTOZERO<\/strong><br \/>\nPerch\u00e9 quest\u2019anno l\u2019organizzazione dietro Ue&#8217; Fest \u00e8 cresciuta e inizia a farsi grande \u00e8 sempre pi\u00f9 coesa. Oltre coinvolgere di nuovo il collettivo Nadir, al CRACK fumetti dirompenti &#8211; Rome Festival of Drawn and Printed Art, a Ca.Co.FEST e Borda, quest anno il Ue&#8217; si \u00e8 affermato come un appuntamento fondamentale non solo per lo Scugnizzo e i suoi abitanti, ma per una comunit\u00e0 pi\u00f9 larga che a Napoli si interessa dei temi e delle pratiche della produzione culturale indipendente e che coinvolge artisti e attivisti come quelli del tavolo Armeria de l&#8217;Asilo, con cui abbiamo avviato uno scambio di idee e supporto che ha gi\u00e0 prodotto la nascita di una seconda fiera napoletana dedicata all\u2019illustrazione indipendente e che siamo sicuri ci porta era lontano su questa stessa strada. Ma soprattutto, la maturazione del lavoro dietro il festival \u00e8 andata di pari passo con una crescita dell\u2019attesa e dell\u2019interesse in citt\u00e0, interesse che si \u00e8 manifestato in un\u2019affluenza di pubblico molto superiore a quella della prima edizione e legata, pi\u00f9 che a questo o a quell\u2019evento, alla proposta complessiva del Ue&#8217; Fest in s\u00e8.<\/p>\n<p>Due parole erano necessarie per spiegare cosa ha significato per noi quest\u2019anno il UE&#8217; Fest, ringraziare il pubblico per la fantastica risposta e la partecipazione, ringraziare tutti gli organizzatori e gli artisti intervenuti per aver lo Scugnizzo riempito di arte, creativit\u00e0, ma soprattutto voglia di mettersi in gioco e in relazione.<br \/>\nLo ripetiamo, pensiamo che la forza della cultura indipendente e delle organizzazioni dal basso sia nelle relazioni, nel confronto e nella capacit\u00e0 di mettersi in rete, \u00e8 il principio che anima ogni nostra iniziativa; per la qualit\u00e0, la diversit\u00e0 e la forza della rete che \u00e8 nata intorno a questo progetto folle del festival napoletano di fumetto indipendente, Ue&#8217; Fest \u00e8 sicuramente uno dei progetti che sentiamo pi\u00f9 nostri e che pi\u00f9 ci rende orgogliosi nel darvi appuntamento alla prossima edizione.<\/p>\n<p>#ueduepuntozero #undergroundeccetera #direzioneopposta<\/p>\n","protected":false},"excerpt":{"rendered":"<p>UNDERGROUND Perch\u00e9 rivendichiamo la natura sotterranea del mondo della cultura indipendente, dell\u2019autoproduzione e della controcultura. Non perch\u00e9 crediamo nel settarismo e nell\u2019isolamento, ma perch\u00e9 pensiamo che la sua essenza sia nel processo di produzione e organizzazione dal basso, anche quando questo si pu\u00f2 interfacciare virtuosamente con quello che identifichiamo come [&hellip;]<\/p>\n","protected":false},"author":9,"featured_media":0,"comment_status":"closed","ping_status":"closed","sticky":false,"template":"","format":"standard","meta":{"footnotes":""},"categories":[17],"tags":[50],"class_list":["post-510","post","type-post","status-publish","format-standard","hentry","category-uefest","tag-ue-fest"],"yoast_head":"<!-- This site is optimized with the Yoast SEO plugin v27.5 - https:\/\/yoast.com\/product\/yoast-seo-wordpress\/ -->\n<title>UeFest duepuntozero - NaDir \/ Napoli Direzione Opposta<\/title>\n<meta name=\"robots\" content=\"index, follow, max-snippet:-1, max-image-preview:large, max-video-preview:-1\" \/>\n<link rel=\"canonical\" href=\"https:\/\/scugnizzoliberato.org\/nadircollective\/uefest-duepuntozero\/\" \/>\n<meta property=\"og:locale\" content=\"en_US\" \/>\n<meta property=\"og:type\" content=\"article\" \/>\n<meta property=\"og:title\" content=\"UeFest duepuntozero - NaDir \/ Napoli Direzione Opposta\" \/>\n<meta property=\"og:description\" content=\"UNDERGROUND Perch\u00e9 rivendichiamo la natura sotterranea del mondo della cultura indipendente, dell\u2019autoproduzione e della controcultura. Non perch\u00e9 crediamo nel settarismo e nell\u2019isolamento, ma perch\u00e9 pensiamo che la sua essenza sia nel processo di produzione e organizzazione dal basso, anche quando questo si pu\u00f2 interfacciare virtuosamente con quello che identifichiamo come [&hellip;]\" \/>\n<meta property=\"og:url\" content=\"https:\/\/scugnizzoliberato.org\/nadircollective\/uefest-duepuntozero\/\" \/>\n<meta property=\"og:site_name\" content=\"NaDir \/ Napoli Direzione Opposta\" \/>\n<meta property=\"article:publisher\" content=\"https:\/\/www.facebook.com\/nadirdirezioneopposta\/\" \/>\n<meta property=\"article:published_time\" content=\"2018-05-02T21:05:01+00:00\" \/>\n<meta property=\"article:modified_time\" content=\"2022-02-10T14:32:10+00:00\" \/>\n<meta property=\"og:image\" content=\"https:\/\/www.nadir.fm\/wordpress\/wp-content\/uploads\/2018\/05\/31841716_1369673879844610_5323152144193290240_o.jpg\" \/>\n<meta name=\"author\" content=\"totore.ndr\" \/>\n<meta name=\"twitter:card\" content=\"summary_large_image\" \/>\n<meta name=\"twitter:creator\" content=\"@NaDirCollective\" \/>\n<meta name=\"twitter:site\" content=\"@NaDirCollective\" \/>\n<meta name=\"twitter:label1\" content=\"Written by\" \/>\n\t<meta name=\"twitter:data1\" content=\"totore.ndr\" \/>\n\t<meta name=\"twitter:label2\" content=\"Est. reading time\" \/>\n\t<meta name=\"twitter:data2\" content=\"3 minutes\" \/>\n<script type=\"application\/ld+json\" class=\"yoast-schema-graph\">{\"@context\":\"https:\\\/\\\/schema.org\",\"@graph\":[{\"@type\":\"Article\",\"@id\":\"https:\\\/\\\/scugnizzoliberato.org\\\/nadircollective\\\/uefest-duepuntozero\\\/#article\",\"isPartOf\":{\"@id\":\"https:\\\/\\\/scugnizzoliberato.org\\\/nadircollective\\\/uefest-duepuntozero\\\/\"},\"author\":{\"name\":\"totore.ndr\",\"@id\":\"https:\\\/\\\/scugnizzoliberato.org\\\/nadircollective\\\/#\\\/schema\\\/person\\\/1bdc7299786c6071afc844c64144873b\"},\"headline\":\"UeFest duepuntozero\",\"datePublished\":\"2018-05-02T21:05:01+00:00\",\"dateModified\":\"2022-02-10T14:32:10+00:00\",\"mainEntityOfPage\":{\"@id\":\"https:\\\/\\\/scugnizzoliberato.org\\\/nadircollective\\\/uefest-duepuntozero\\\/\"},\"wordCount\":683,\"publisher\":{\"@id\":\"https:\\\/\\\/scugnizzoliberato.org\\\/nadircollective\\\/#organization\"},\"image\":{\"@id\":\"https:\\\/\\\/scugnizzoliberato.org\\\/nadircollective\\\/uefest-duepuntozero\\\/#primaryimage\"},\"thumbnailUrl\":\"https:\\\/\\\/www.nadir.fm\\\/wordpress\\\/wp-content\\\/uploads\\\/2018\\\/05\\\/31841716_1369673879844610_5323152144193290240_o.jpg\",\"keywords\":[\"ue fest\"],\"articleSection\":[\"UeFest\"],\"inLanguage\":\"en-US\"},{\"@type\":\"WebPage\",\"@id\":\"https:\\\/\\\/scugnizzoliberato.org\\\/nadircollective\\\/uefest-duepuntozero\\\/\",\"url\":\"https:\\\/\\\/scugnizzoliberato.org\\\/nadircollective\\\/uefest-duepuntozero\\\/\",\"name\":\"UeFest duepuntozero - NaDir \\\/ Napoli Direzione Opposta\",\"isPartOf\":{\"@id\":\"https:\\\/\\\/scugnizzoliberato.org\\\/nadircollective\\\/#website\"},\"primaryImageOfPage\":{\"@id\":\"https:\\\/\\\/scugnizzoliberato.org\\\/nadircollective\\\/uefest-duepuntozero\\\/#primaryimage\"},\"image\":{\"@id\":\"https:\\\/\\\/scugnizzoliberato.org\\\/nadircollective\\\/uefest-duepuntozero\\\/#primaryimage\"},\"thumbnailUrl\":\"https:\\\/\\\/www.nadir.fm\\\/wordpress\\\/wp-content\\\/uploads\\\/2018\\\/05\\\/31841716_1369673879844610_5323152144193290240_o.jpg\",\"datePublished\":\"2018-05-02T21:05:01+00:00\",\"dateModified\":\"2022-02-10T14:32:10+00:00\",\"breadcrumb\":{\"@id\":\"https:\\\/\\\/scugnizzoliberato.org\\\/nadircollective\\\/uefest-duepuntozero\\\/#breadcrumb\"},\"inLanguage\":\"en-US\",\"potentialAction\":[{\"@type\":\"ReadAction\",\"target\":[\"https:\\\/\\\/scugnizzoliberato.org\\\/nadircollective\\\/uefest-duepuntozero\\\/\"]}]},{\"@type\":\"ImageObject\",\"inLanguage\":\"en-US\",\"@id\":\"https:\\\/\\\/scugnizzoliberato.org\\\/nadircollective\\\/uefest-duepuntozero\\\/#primaryimage\",\"url\":\"https:\\\/\\\/www.nadir.fm\\\/wordpress\\\/wp-content\\\/uploads\\\/2018\\\/05\\\/31841716_1369673879844610_5323152144193290240_o.jpg\",\"contentUrl\":\"https:\\\/\\\/www.nadir.fm\\\/wordpress\\\/wp-content\\\/uploads\\\/2018\\\/05\\\/31841716_1369673879844610_5323152144193290240_o.jpg\"},{\"@type\":\"BreadcrumbList\",\"@id\":\"https:\\\/\\\/scugnizzoliberato.org\\\/nadircollective\\\/uefest-duepuntozero\\\/#breadcrumb\",\"itemListElement\":[{\"@type\":\"ListItem\",\"position\":1,\"name\":\"Home\",\"item\":\"https:\\\/\\\/scugnizzoliberato.org\\\/nadircollective\\\/\"},{\"@type\":\"ListItem\",\"position\":2,\"name\":\"UeFest duepuntozero\"}]},{\"@type\":\"WebSite\",\"@id\":\"https:\\\/\\\/scugnizzoliberato.org\\\/nadircollective\\\/#website\",\"url\":\"https:\\\/\\\/scugnizzoliberato.org\\\/nadircollective\\\/\",\"name\":\"NaDir Collective\",\"description\":\"Collettivo di musicist*, artist*, precar* dello spettacolo \ud83d\ude802015 \ud83c\udfe0 Scugnizzo Liberato \\\/ Napoli\",\"publisher\":{\"@id\":\"https:\\\/\\\/scugnizzoliberato.org\\\/nadircollective\\\/#organization\"},\"potentialAction\":[{\"@type\":\"SearchAction\",\"target\":{\"@type\":\"EntryPoint\",\"urlTemplate\":\"https:\\\/\\\/scugnizzoliberato.org\\\/nadircollective\\\/?s={search_term_string}\"},\"query-input\":{\"@type\":\"PropertyValueSpecification\",\"valueRequired\":true,\"valueName\":\"search_term_string\"}}],\"inLanguage\":\"en-US\"},{\"@type\":\"Organization\",\"@id\":\"https:\\\/\\\/scugnizzoliberato.org\\\/nadircollective\\\/#organization\",\"name\":\"NaDir \\\/ Napoli Direzione Opposta\",\"url\":\"https:\\\/\\\/scugnizzoliberato.org\\\/nadircollective\\\/\",\"logo\":{\"@type\":\"ImageObject\",\"inLanguage\":\"en-US\",\"@id\":\"https:\\\/\\\/scugnizzoliberato.org\\\/nadircollective\\\/#\\\/schema\\\/logo\\\/image\\\/\",\"url\":\"https:\\\/\\\/scugnizzoliberato.org\\\/nadircollective\\\/wp-content\\\/uploads\\\/2018\\\/05\\\/sestante-NaDir.png\",\"contentUrl\":\"https:\\\/\\\/scugnizzoliberato.org\\\/nadircollective\\\/wp-content\\\/uploads\\\/2018\\\/05\\\/sestante-NaDir.png\",\"width\":512,\"height\":512,\"caption\":\"NaDir \\\/ Napoli Direzione Opposta\"},\"image\":{\"@id\":\"https:\\\/\\\/scugnizzoliberato.org\\\/nadircollective\\\/#\\\/schema\\\/logo\\\/image\\\/\"},\"sameAs\":[\"https:\\\/\\\/www.facebook.com\\\/nadirdirezioneopposta\\\/\",\"https:\\\/\\\/x.com\\\/NaDirCollective\",\"https:\\\/\\\/www.instagram.com\\\/nadir_direzioneopposta\\\/\",\"https:\\\/\\\/www.youtube.com\\\/channel\\\/UCdR4Xs7DPzaR7HQslIgHMTA\"]},{\"@type\":\"Person\",\"@id\":\"https:\\\/\\\/scugnizzoliberato.org\\\/nadircollective\\\/#\\\/schema\\\/person\\\/1bdc7299786c6071afc844c64144873b\",\"name\":\"totore.ndr\",\"image\":{\"@type\":\"ImageObject\",\"inLanguage\":\"en-US\",\"@id\":\"https:\\\/\\\/secure.gravatar.com\\\/avatar\\\/97719b56edf382382239f4435173fbdb7157011d54897b2c163ba35ac0752cec?s=96&d=mm&r=g\",\"url\":\"https:\\\/\\\/secure.gravatar.com\\\/avatar\\\/97719b56edf382382239f4435173fbdb7157011d54897b2c163ba35ac0752cec?s=96&d=mm&r=g\",\"contentUrl\":\"https:\\\/\\\/secure.gravatar.com\\\/avatar\\\/97719b56edf382382239f4435173fbdb7157011d54897b2c163ba35ac0752cec?s=96&d=mm&r=g\",\"caption\":\"totore.ndr\"}}]}<\/script>\n<!-- \/ Yoast SEO plugin. -->","yoast_head_json":{"title":"UeFest duepuntozero - NaDir \/ Napoli Direzione Opposta","robots":{"index":"index","follow":"follow","max-snippet":"max-snippet:-1","max-image-preview":"max-image-preview:large","max-video-preview":"max-video-preview:-1"},"canonical":"https:\/\/scugnizzoliberato.org\/nadircollective\/uefest-duepuntozero\/","og_locale":"en_US","og_type":"article","og_title":"UeFest duepuntozero - NaDir \/ Napoli Direzione Opposta","og_description":"UNDERGROUND Perch\u00e9 rivendichiamo la natura sotterranea del mondo della cultura indipendente, dell\u2019autoproduzione e della controcultura. Non perch\u00e9 crediamo nel settarismo e nell\u2019isolamento, ma perch\u00e9 pensiamo che la sua essenza sia nel processo di produzione e organizzazione dal basso, anche quando questo si pu\u00f2 interfacciare virtuosamente con quello che identifichiamo come [&hellip;]","og_url":"https:\/\/scugnizzoliberato.org\/nadircollective\/uefest-duepuntozero\/","og_site_name":"NaDir \/ Napoli Direzione Opposta","article_publisher":"https:\/\/www.facebook.com\/nadirdirezioneopposta\/","article_published_time":"2018-05-02T21:05:01+00:00","article_modified_time":"2022-02-10T14:32:10+00:00","og_image":[{"url":"https:\/\/www.nadir.fm\/wordpress\/wp-content\/uploads\/2018\/05\/31841716_1369673879844610_5323152144193290240_o.jpg","type":"","width":"","height":""}],"author":"totore.ndr","twitter_card":"summary_large_image","twitter_creator":"@NaDirCollective","twitter_site":"@NaDirCollective","twitter_misc":{"Written by":"totore.ndr","Est. reading time":"3 minutes"},"schema":{"@context":"https:\/\/schema.org","@graph":[{"@type":"Article","@id":"https:\/\/scugnizzoliberato.org\/nadircollective\/uefest-duepuntozero\/#article","isPartOf":{"@id":"https:\/\/scugnizzoliberato.org\/nadircollective\/uefest-duepuntozero\/"},"author":{"name":"totore.ndr","@id":"https:\/\/scugnizzoliberato.org\/nadircollective\/#\/schema\/person\/1bdc7299786c6071afc844c64144873b"},"headline":"UeFest duepuntozero","datePublished":"2018-05-02T21:05:01+00:00","dateModified":"2022-02-10T14:32:10+00:00","mainEntityOfPage":{"@id":"https:\/\/scugnizzoliberato.org\/nadircollective\/uefest-duepuntozero\/"},"wordCount":683,"publisher":{"@id":"https:\/\/scugnizzoliberato.org\/nadircollective\/#organization"},"image":{"@id":"https:\/\/scugnizzoliberato.org\/nadircollective\/uefest-duepuntozero\/#primaryimage"},"thumbnailUrl":"https:\/\/www.nadir.fm\/wordpress\/wp-content\/uploads\/2018\/05\/31841716_1369673879844610_5323152144193290240_o.jpg","keywords":["ue fest"],"articleSection":["UeFest"],"inLanguage":"en-US"},{"@type":"WebPage","@id":"https:\/\/scugnizzoliberato.org\/nadircollective\/uefest-duepuntozero\/","url":"https:\/\/scugnizzoliberato.org\/nadircollective\/uefest-duepuntozero\/","name":"UeFest duepuntozero - NaDir \/ Napoli Direzione Opposta","isPartOf":{"@id":"https:\/\/scugnizzoliberato.org\/nadircollective\/#website"},"primaryImageOfPage":{"@id":"https:\/\/scugnizzoliberato.org\/nadircollective\/uefest-duepuntozero\/#primaryimage"},"image":{"@id":"https:\/\/scugnizzoliberato.org\/nadircollective\/uefest-duepuntozero\/#primaryimage"},"thumbnailUrl":"https:\/\/www.nadir.fm\/wordpress\/wp-content\/uploads\/2018\/05\/31841716_1369673879844610_5323152144193290240_o.jpg","datePublished":"2018-05-02T21:05:01+00:00","dateModified":"2022-02-10T14:32:10+00:00","breadcrumb":{"@id":"https:\/\/scugnizzoliberato.org\/nadircollective\/uefest-duepuntozero\/#breadcrumb"},"inLanguage":"en-US","potentialAction":[{"@type":"ReadAction","target":["https:\/\/scugnizzoliberato.org\/nadircollective\/uefest-duepuntozero\/"]}]},{"@type":"ImageObject","inLanguage":"en-US","@id":"https:\/\/scugnizzoliberato.org\/nadircollective\/uefest-duepuntozero\/#primaryimage","url":"https:\/\/www.nadir.fm\/wordpress\/wp-content\/uploads\/2018\/05\/31841716_1369673879844610_5323152144193290240_o.jpg","contentUrl":"https:\/\/www.nadir.fm\/wordpress\/wp-content\/uploads\/2018\/05\/31841716_1369673879844610_5323152144193290240_o.jpg"},{"@type":"BreadcrumbList","@id":"https:\/\/scugnizzoliberato.org\/nadircollective\/uefest-duepuntozero\/#breadcrumb","itemListElement":[{"@type":"ListItem","position":1,"name":"Home","item":"https:\/\/scugnizzoliberato.org\/nadircollective\/"},{"@type":"ListItem","position":2,"name":"UeFest duepuntozero"}]},{"@type":"WebSite","@id":"https:\/\/scugnizzoliberato.org\/nadircollective\/#website","url":"https:\/\/scugnizzoliberato.org\/nadircollective\/","name":"NaDir Collective","description":"Collettivo di musicist*, artist*, precar* dello spettacolo \ud83d\ude802015 \ud83c\udfe0 Scugnizzo Liberato \/ Napoli","publisher":{"@id":"https:\/\/scugnizzoliberato.org\/nadircollective\/#organization"},"potentialAction":[{"@type":"SearchAction","target":{"@type":"EntryPoint","urlTemplate":"https:\/\/scugnizzoliberato.org\/nadircollective\/?s={search_term_string}"},"query-input":{"@type":"PropertyValueSpecification","valueRequired":true,"valueName":"search_term_string"}}],"inLanguage":"en-US"},{"@type":"Organization","@id":"https:\/\/scugnizzoliberato.org\/nadircollective\/#organization","name":"NaDir \/ Napoli Direzione Opposta","url":"https:\/\/scugnizzoliberato.org\/nadircollective\/","logo":{"@type":"ImageObject","inLanguage":"en-US","@id":"https:\/\/scugnizzoliberato.org\/nadircollective\/#\/schema\/logo\/image\/","url":"https:\/\/scugnizzoliberato.org\/nadircollective\/wp-content\/uploads\/2018\/05\/sestante-NaDir.png","contentUrl":"https:\/\/scugnizzoliberato.org\/nadircollective\/wp-content\/uploads\/2018\/05\/sestante-NaDir.png","width":512,"height":512,"caption":"NaDir \/ Napoli Direzione Opposta"},"image":{"@id":"https:\/\/scugnizzoliberato.org\/nadircollective\/#\/schema\/logo\/image\/"},"sameAs":["https:\/\/www.facebook.com\/nadirdirezioneopposta\/","https:\/\/x.com\/NaDirCollective","https:\/\/www.instagram.com\/nadir_direzioneopposta\/","https:\/\/www.youtube.com\/channel\/UCdR4Xs7DPzaR7HQslIgHMTA"]},{"@type":"Person","@id":"https:\/\/scugnizzoliberato.org\/nadircollective\/#\/schema\/person\/1bdc7299786c6071afc844c64144873b","name":"totore.ndr","image":{"@type":"ImageObject","inLanguage":"en-US","@id":"https:\/\/secure.gravatar.com\/avatar\/97719b56edf382382239f4435173fbdb7157011d54897b2c163ba35ac0752cec?s=96&d=mm&r=g","url":"https:\/\/secure.gravatar.com\/avatar\/97719b56edf382382239f4435173fbdb7157011d54897b2c163ba35ac0752cec?s=96&d=mm&r=g","contentUrl":"https:\/\/secure.gravatar.com\/avatar\/97719b56edf382382239f4435173fbdb7157011d54897b2c163ba35ac0752cec?s=96&d=mm&r=g","caption":"totore.ndr"}}]}},"_links":{"self":[{"href":"https:\/\/scugnizzoliberato.org\/nadircollective\/wp-json\/wp\/v2\/posts\/510","targetHints":{"allow":["GET"]}}],"collection":[{"href":"https:\/\/scugnizzoliberato.org\/nadircollective\/wp-json\/wp\/v2\/posts"}],"about":[{"href":"https:\/\/scugnizzoliberato.org\/nadircollective\/wp-json\/wp\/v2\/types\/post"}],"author":[{"embeddable":true,"href":"https:\/\/scugnizzoliberato.org\/nadircollective\/wp-json\/wp\/v2\/users\/9"}],"replies":[{"embeddable":true,"href":"https:\/\/scugnizzoliberato.org\/nadircollective\/wp-json\/wp\/v2\/comments?post=510"}],"version-history":[{"count":1,"href":"https:\/\/scugnizzoliberato.org\/nadircollective\/wp-json\/wp\/v2\/posts\/510\/revisions"}],"predecessor-version":[{"id":512,"href":"https:\/\/scugnizzoliberato.org\/nadircollective\/wp-json\/wp\/v2\/posts\/510\/revisions\/512"}],"wp:attachment":[{"href":"https:\/\/scugnizzoliberato.org\/nadircollective\/wp-json\/wp\/v2\/media?parent=510"}],"wp:term":[{"taxonomy":"category","embeddable":true,"href":"https:\/\/scugnizzoliberato.org\/nadircollective\/wp-json\/wp\/v2\/categories?post=510"},{"taxonomy":"post_tag","embeddable":true,"href":"https:\/\/scugnizzoliberato.org\/nadircollective\/wp-json\/wp\/v2\/tags?post=510"}],"curies":[{"name":"wp","href":"https:\/\/api.w.org\/{rel}","templated":true}]}}