{"id":1472,"date":"2021-07-01T13:05:00","date_gmt":"2021-07-01T11:05:00","guid":{"rendered":"https:\/\/scugnizzoliberato.org\/nadircollective\/?p=1472"},"modified":"2022-02-10T15:31:51","modified_gmt":"2022-02-10T14:31:51","slug":"ue-fest-presenta-intrasatta","status":"publish","type":"post","link":"https:\/\/scugnizzoliberato.org\/nadircollective\/ue-fest-presenta-intrasatta\/","title":{"rendered":"U\u00e8 Fest presenta: INTRASATTA"},"content":{"rendered":"\n<p>Molte cose sono successe in questo anno in cui non si \u00e8 potuta svolgere una regolare edizione del UE\u2019 fest, e ora cos\u00ec, all\u2019improvviso, abbiamo deciso di riaprire un appuntamento per il nostro network. \ud835\ude44\ud835\ude49\ud835\ude4f\ud835\ude4d\ud835\ude3c\ud835\ude4e\ud835\ude3c\ud835\ude4f\ud835\ude4f\ud835\ude3c \u00e8 un\u2019intrusione improvvisa, mentre le cose succedono, cambiano, per tornare a vederci e a scambiare esperienze e progetti. Questo festival non sar\u00e0 una vera edizione di UE\u2019, nel senso che ci saranno ancora molte accortezze che desideriamo seguire per la salute di tutti e tutte che non permetteranno appieno lo svolgimento della nostra manifestazione come l\u2019abbiamo nel cuore.<\/p>\n\n\n\n<div class=\"wp-block-image\"><figure class=\"aligncenter size-full\"><img loading=\"lazy\" decoding=\"async\" width=\"820\" height=\"462\" src=\"https:\/\/scugnizzoliberato.org\/nadircollective\/wp-content\/uploads\/2021\/11\/facebookbanner-1.jpg\" alt=\"Banner Intrasatta Prima Call\n16 e 17 Luglio 2021\" class=\"wp-image-1477\" srcset=\"https:\/\/scugnizzoliberato.org\/nadircollective\/wp-content\/uploads\/2021\/11\/facebookbanner-1.jpg 820w, https:\/\/scugnizzoliberato.org\/nadircollective\/wp-content\/uploads\/2021\/11\/facebookbanner-1-300x169.jpg 300w, https:\/\/scugnizzoliberato.org\/nadircollective\/wp-content\/uploads\/2021\/11\/facebookbanner-1-768x433.jpg 768w\" sizes=\"auto, (max-width: 820px) 100vw, 820px\" \/><\/figure><\/div>\n\n\n\n<p>Sar\u00e0 necessario limitare le esposizioni di banchetti per garantire le corrette distanze, e prevedere attraversamenti delle aree del festival che permettano di lasciare gli spazi liberi indispensabili per le misure di contenimento del virus. Ci saranno fanzine, mostre, presentazioni, musica &#8211; UE\u2019 Sona sta preparando gustose sorprese. Insomma, quello che sapete che caratterizza il UE\u2019 fest. E troverete gli stessi sorrisi le stesse braccia aperte e la stessa atmosfera festosa. Rispetteremo distanze, indosseremo mascherine, senza perdere il contatto umano che ci rende una comunit\u00e0 e un network. Chi non riuscir\u00e0 a raggiungerci questa volta, la prossima sar\u00e0 da festeggiare il doppio. Ma cos\u00ec all\u2019\ud835\ude44\ud835\ude49\ud835\ude4f\ud835\ude4d\ud835\ude3c\ud835\ude4e\ud835\ude3c\ud835\ude4f\ud835\ude4f\ud835\ude3c, abbiamo deciso di farlo lo stesso ed esserci, di raccontare alla nostra citt\u00e0 che non abbiamo smesso di fare le cose, e di farle insieme.<br>Abbiamo scelto di prenderci la gioia e la responsabilit\u00e0 di aprire ancora una volta al nostro pubblico i colori e gli inchiostri dell\u2019autoproduzione stampata. Non sar\u00e0 una vera risposta alla domanda di socialit\u00e0, di arte, di commistione multispecie e di narrazioni condivise, ma cos\u00ec, all\u2019improvviso, abbiamo pensato che era meglio rimetterci in cammino che aspettare ancora. Il UE\u2019 fest torner\u00e0 ancora, ma intanto all\u2019\ud835\ude44\ud835\ude49\ud835\ude4f\ud835\ude4d\ud835\ude3c\ud835\ude4e\ud835\ude3c\ud835\ude4f\ud835\ude4f\ud835\ude3c arrivate nelle due giornate del 16 e 17 luglio prossimi, non fatevi aspettare.<br>****Per partecipare a INTRASATTA: le adesioni al festival sono aperte a tutte le realt\u00e0 che sentono di provenire dal panorama dell&#8217;autoproduzione e, pi\u00f9 in generale, della produzione indipendente. Per questa edizione per\u00f2, a causa delle condizioni eccezionali, non potremo garantire come sempre abbiamo fatto un posto a tutti e tutte. Procederemo per il momento riconsiderando alcune delle adesioni degli scorsi anni, per indagare successivamente le eventuali disponibilit\u00e0 rimaste. Ci riserviamo di aggiornarvi in merito nel pi\u00f9 breve tempo possibile. Se avete nuove produzioni da esporre scriveteci, troveremo nello stand del festival uno spazio dove esporle e farle conoscere.<\/p>\n\n\n\n<h2 class=\"wp-block-heading\">PROGRAMMA DELLE GIORNATE<\/h2>\n\n\n\n<h3 class=\"wp-block-heading\">VENERD\u00cc 16<\/h3>\n\n\n\n<p>Le presentazioni verranno accompagnate\/mischiate da esibizioni di musica dal vivo di Sid the dig digger e Numero71 Monobanda<br>Presentazioni dalle 19:00 alle 21:00<\/p>\n\n\n\n<ul class=\"wp-block-list\"><li>Introduzione a Cura di<strong> Ue\u2019 Fest e presentazione della Rete F.I.K.A.<\/strong><\/li><li><strong>La Voce degli Invisibili<\/strong> &#8211; <strong>Rete di Solidariet\u00e0 Popolare<\/strong><\/li><li><strong>Fear &#8211; Marta Punxo<\/strong><\/li><li><strong>Anne Van Der Linden<\/strong> &#8211; Presentazione dei Lavori<\/li><\/ul>\n\n\n\n<h3 class=\"wp-block-heading\">SABATO 17<\/h3>\n\n\n\n<p>Le presentazioni verranno accompagnate\/mischiate da esibizioni di musica dal vivo di Sid The Dig Digger e Bam!Box<br>Presentazioni dalle 19:00 alle 21:00<\/p>\n\n\n\n<ul class=\"wp-block-list\"><li><strong>Bad Moon Rising Production<\/strong><\/li><li><strong>PAOLO FOX<\/strong>, l&#8217;oroscopo durante la quarantena &#8211; <strong>Percy-il-BUIO<\/strong><\/li><\/ul>\n\n\n\n<div class=\"wp-block-image\"><figure class=\"aligncenter size-large\"><img loading=\"lazy\" decoding=\"async\" width=\"1024\" height=\"390\" src=\"https:\/\/scugnizzoliberato.org\/nadircollective\/wp-content\/uploads\/2021\/11\/bannerevento2021-1024x390.jpg\" alt=\"Banner U\u00e8 Fest presenta Intrasatta - 16 e 17 Luglio\" class=\"wp-image-1476\" srcset=\"https:\/\/scugnizzoliberato.org\/nadircollective\/wp-content\/uploads\/2021\/11\/bannerevento2021-1024x390.jpg 1024w, https:\/\/scugnizzoliberato.org\/nadircollective\/wp-content\/uploads\/2021\/11\/bannerevento2021-300x114.jpg 300w, https:\/\/scugnizzoliberato.org\/nadircollective\/wp-content\/uploads\/2021\/11\/bannerevento2021-768x292.jpg 768w, https:\/\/scugnizzoliberato.org\/nadircollective\/wp-content\/uploads\/2021\/11\/bannerevento2021-1536x584.jpg 1536w, https:\/\/scugnizzoliberato.org\/nadircollective\/wp-content\/uploads\/2021\/11\/bannerevento2021.jpg 1656w\" sizes=\"auto, (max-width: 1024px) 100vw, 1024px\" \/><\/figure><\/div>\n\n\n\n<h2 class=\"wp-block-heading\">Le Mostre<\/h2>\n\n\n\n<p><strong>Anne van der Linden<\/strong><br>Pittrice e disegnatrice francese vive a Saint-Denis, sobborgo di Parigi.<br>La sua arte \u00e8 un connubio tra espressionismo tedesco, incisione medievale e i fumetti di Robert Crumb. Le sue opere mettono a fuoco la parte animale del genere umano e come questa si scontri con una societ\u00e0 normalizzata e pacata.<br>http:\/\/www.annevanderlinden.net <\/p>\n\n\n\n<p><strong>Yele &amp; TRES<\/strong><br>Yele, femminista, antifascista e anticlericale. Tres, graffiti artist. Con un occhio alla propaganda del secolo scorso e uno alle lotte dei giorni nostri, insieme realizzano poster di propaganda radicale e senza filtri.<br>VERIT\u00c0 PER MARIO PACIOLLA<br>Poster 6&#215;3 realizzato per il Carnevale delle Arti di Barranquilla, in Colombia, tenutosi agli inizi di marzo. Mario Paciolla era un ragazzo di Napoli, un collaboratore delle Nazioni Unite trovato morto il 15 luglio 2020 nella sua casa a San Vicente del Cagu\u00e1n, a oltre 650 chilometri da Bogot\u00e0.<\/p>\n\n\n\n<p><strong>Caroline Sury<\/strong><br>Lavora il foglio bianco con la penna e quello nero con le forbici e produce fumetti essenzialmente autobiografici. Al centro di questa mostra ci sono piccoli corpi e grandi teste &#8211; piccole figure femminili, spesso doppie, ti osservano dalle loro maschere, met\u00e0 umane e met\u00e0 animali ad esse si alternano imponenti totem di carta immortalati sul muro.<\/p>\n\n\n\n<p><strong>PERCY BERTOLINI<\/strong><br>Tra le mura dello Scugnizzo<br>Il fumetto \u201cpane e le statue cittadine\u201d \u00e8 una striscia di circa 24 vignette\/po- ster quadrate. Ogni vignetta viene attaccata su muro in maniera sequenziale trasformandolo in un fumetto istagram materiale, da leggere. Un\u02bc opera multi- mediale crossgender tra poster-art\/fumetto\/fumetto-ig.<br>https:\/\/www.instagram.com\/zia.pane\/<\/p>\n\n\n\n<p><strong>Tropidelia<\/strong><br>https:\/\/tropidelia.wixsite.com\/tropidelia<\/p>\n\n\n\n<p><strong>STORIES OF FEMINISM IN LEBANON &#8211; WHERE TO MARIE<\/strong><br>Testi: Bernadette Daou e Yazan Al-Saadi<br>Disegni: Razan Wehbi, Rawand Issa, Tracy Chahwan, Joan Baz, Sir\u00e8ne Moukheiber<br>Le donne lottano da tempo contro i poteri coloniali per l&#8217;uguaglianza e la giustizia sociale, nonch\u00e9 contro le leggi settarie sullo status personale e l&#8217;intera struttura sociale patriarcale che le impone.<\/p>\n\n\n\n<h2 class=\"wp-block-heading\">U\u00e8 Sona<\/h2>\n\n\n\n<h3 class=\"wp-block-heading\">VENERD\u00cc 16<\/h3>\n\n\n\n<p><strong>The Delay In The Universal Loop<\/strong><br>Dylan Iuliano, musicista di Benevento.<br>INNER CAPITALISM \u00e8 il suo ultimo lavoro, che esplora l\u2019estetica del pop moderno e la durezza della sperimentazione musicale.<\/p>\n\n\n\n<p><strong>Ga-Rage<\/strong><br>Garage-heavy, Lo-Fi Fuzzy Duo of Doom from NA-IT Formed in June &#8217;15 in order to fight a tragically low self-esteem. Blowing up speakers and megaphones ever since.<\/p>\n\n\n\n<p><strong>Unruly Girls<\/strong><br>Drum machines martellanti, sintetizzatori acidi, basso distorto, chitarre fuzz dissonanti e noise lisergico sono i composti della formula Unruly Girls, il duo di Benevento formato da Luigi Limongelli e Luca Zotti (Humbert Alison). Nel 2020 UG pubblicano il secondo lavoro &#8220;Epidemic&#8221; per Dirty Beach Records e ripartono in tour con la performance one man band di Humbert.<\/p>\n\n\n\n<h3 class=\"wp-block-heading\">SABATO 17<\/h3>\n\n\n\n<p><strong>Addolorata<\/strong><br>Addolorata \u00e8 un gruppo lol rap, nato a Napoli nel centro storico. Addolorata \u00e8 composto da tre membri: Apostoli, Bellettini e Demarino. Apostoli \u00e8 l\u2019operaio, il manifestante con la molotov. Bellettini \u00e8 la cassa, il charleston, il sogno. Demarino \u00e8 uno smartphone con il vetro rotto, il mal di schiena.<\/p>\n\n\n\n<h3 class=\"wp-block-heading\">ONE MAN BAND &#8211; VENERD\u00cc 16 E SABATO 17<\/h3>\n\n\n\n<p>Le presentazioni, che si svolgeranno in cortile dalle h. 19:00 verranno accompagnate\/mischiate da esibizioni di musica dal vivo di one man band, creando un botta e risposta e un miscuglio inedito per il festival. Si metteranno in gioco: <strong>Sid the dig digger, BamBox e Numero71 Monobanda.<\/strong><\/p>\n\n\n\n<h2 class=\"wp-block-heading\">Saranno a UE&#8217;:<\/h2>\n\n\n\n<blockquote class=\"wp-block-quote is-layout-flow wp-block-quote-is-layout-flow\"><p>Profondissima, Radon , Subseri la Stamperia Sotterranea, Alessandra Oricchio, Ottoeffe, Borda!Fest &#8211; Produzioni Sotterranee \/ Federico Fabbri, Interiors, La Tana &#8211; Autoproduzioni, Yele&amp;Tres, Macondo, Mad.rioska, Bad Moon Rising Production, Mia Werther\/\/Gatto Productions, Nightputrid + Peer Pressure Press, El Rughi + Tropidelia, Mattia Secci, Lume&amp;Effe, Martina Di Gennaro, Salvatore Liberti Illustration, Dalila Amendola, VI. VA., Apnea &amp; SUEGNERS, ORAutoproduzioni &#8211; Valerio Stacchini, Joe1, Weirdoughcollective, Cinzia C, Santacremina, Etero de ke, ShaguraLab, BendaNera, Anemone, Giusi Carfora\/ BruciacomeNeve, Noemi Battaglia, Simona Casteluccio, Camilla.Osa, Baba Fregapane, CAGNE SCIOLTE e ETERO DE CHE?!, Rancora Hatemade, Erianthe, SANTO DIEGO, Giuliana Roviello aka Monstera Ink, Rose Romano, Psicosauro \/ GA-RAGE!, Vomit Pink , Nancy Downs, Resli Tale, Pirata Produzioni, Sanacore, OILLOC, Euno maya, Innaigentile, Valentina Gonzo, Percy il buio, Runa, FiLumena, MigliorEditore, T.A.L.E., Quattro Zero Quattro, Tamu Edizioni, Aspalax Comix, Marta Punxo, Armeria, Sputnik Press, Traumart , Momo, Meriem mesfioui, Anne Van Der Linde, Caroline Sury, Percy Bartolini , Vagelis , Juliette Toner<\/p><\/blockquote>\n","protected":false},"excerpt":{"rendered":"<p>Molte cose sono successe in questo anno in cui non si \u00e8 potuta svolgere una regolare edizione del UE\u2019 fest, e ora cos\u00ec, all\u2019improvviso, abbiamo deciso di riaprire un appuntamento per il nostro network. \ud835\ude44\ud835\ude49\ud835\ude4f\ud835\ude4d\ud835\ude3c\ud835\ude4e\ud835\ude3c\ud835\ude4f\ud835\ude4f\ud835\ude3c \u00e8 un\u2019intrusione improvvisa, mentre le cose succedono, cambiano, per tornare a vederci e a scambiare [&hellip;]<\/p>\n","protected":false},"author":9,"featured_media":0,"comment_status":"closed","ping_status":"closed","sticky":false,"template":"","format":"standard","meta":{"footnotes":""},"categories":[9,17],"tags":[83,50],"class_list":["post-1472","post","type-post","status-publish","format-standard","hentry","category-scugnizzo-live","category-uefest","tag-intrasatta","tag-ue-fest"],"yoast_head":"<!-- This site is optimized with the Yoast SEO plugin v27.5 - https:\/\/yoast.com\/product\/yoast-seo-wordpress\/ -->\n<title>U\u00e8 Fest presenta: INTRASATTA - NaDir \/ Napoli Direzione Opposta<\/title>\n<meta name=\"robots\" content=\"index, follow, max-snippet:-1, max-image-preview:large, max-video-preview:-1\" \/>\n<link rel=\"canonical\" href=\"https:\/\/scugnizzoliberato.org\/nadircollective\/ue-fest-presenta-intrasatta\/\" \/>\n<meta property=\"og:locale\" content=\"en_US\" \/>\n<meta property=\"og:type\" content=\"article\" \/>\n<meta property=\"og:title\" content=\"U\u00e8 Fest presenta: INTRASATTA - NaDir \/ Napoli Direzione Opposta\" \/>\n<meta property=\"og:description\" content=\"Molte cose sono successe in questo anno in cui non si \u00e8 potuta svolgere una regolare edizione del UE\u2019 fest, e ora cos\u00ec, all\u2019improvviso, abbiamo deciso di riaprire un appuntamento per il nostro network. \ud835\ude44\ud835\ude49\ud835\ude4f\ud835\ude4d\ud835\ude3c\ud835\ude4e\ud835\ude3c\ud835\ude4f\ud835\ude4f\ud835\ude3c \u00e8 un\u2019intrusione improvvisa, mentre le cose succedono, cambiano, per tornare a vederci e a scambiare [&hellip;]\" \/>\n<meta property=\"og:url\" content=\"https:\/\/scugnizzoliberato.org\/nadircollective\/ue-fest-presenta-intrasatta\/\" \/>\n<meta property=\"og:site_name\" content=\"NaDir \/ Napoli Direzione Opposta\" \/>\n<meta property=\"article:publisher\" content=\"https:\/\/www.facebook.com\/nadirdirezioneopposta\/\" \/>\n<meta property=\"article:published_time\" content=\"2021-07-01T11:05:00+00:00\" \/>\n<meta property=\"article:modified_time\" content=\"2022-02-10T14:31:51+00:00\" \/>\n<meta property=\"og:image\" content=\"https:\/\/scugnizzoliberato.org\/nadircollective\/wp-content\/uploads\/2021\/11\/facebookbanner-1.jpg\" \/>\n<meta name=\"author\" content=\"totore.ndr\" \/>\n<meta name=\"twitter:card\" content=\"summary_large_image\" \/>\n<meta name=\"twitter:creator\" content=\"@NaDirCollective\" \/>\n<meta name=\"twitter:site\" content=\"@NaDirCollective\" \/>\n<meta name=\"twitter:label1\" content=\"Written by\" \/>\n\t<meta name=\"twitter:data1\" content=\"totore.ndr\" \/>\n\t<meta name=\"twitter:label2\" content=\"Est. reading time\" \/>\n\t<meta name=\"twitter:data2\" content=\"6 minutes\" \/>\n<script type=\"application\/ld+json\" class=\"yoast-schema-graph\">{\"@context\":\"https:\\\/\\\/schema.org\",\"@graph\":[{\"@type\":\"Article\",\"@id\":\"https:\\\/\\\/scugnizzoliberato.org\\\/nadircollective\\\/ue-fest-presenta-intrasatta\\\/#article\",\"isPartOf\":{\"@id\":\"https:\\\/\\\/scugnizzoliberato.org\\\/nadircollective\\\/ue-fest-presenta-intrasatta\\\/\"},\"author\":{\"name\":\"totore.ndr\",\"@id\":\"https:\\\/\\\/scugnizzoliberato.org\\\/nadircollective\\\/#\\\/schema\\\/person\\\/1bdc7299786c6071afc844c64144873b\"},\"headline\":\"U\u00e8 Fest presenta: INTRASATTA\",\"datePublished\":\"2021-07-01T11:05:00+00:00\",\"dateModified\":\"2022-02-10T14:31:51+00:00\",\"mainEntityOfPage\":{\"@id\":\"https:\\\/\\\/scugnizzoliberato.org\\\/nadircollective\\\/ue-fest-presenta-intrasatta\\\/\"},\"wordCount\":1197,\"publisher\":{\"@id\":\"https:\\\/\\\/scugnizzoliberato.org\\\/nadircollective\\\/#organization\"},\"image\":{\"@id\":\"https:\\\/\\\/scugnizzoliberato.org\\\/nadircollective\\\/ue-fest-presenta-intrasatta\\\/#primaryimage\"},\"thumbnailUrl\":\"https:\\\/\\\/scugnizzoliberato.org\\\/nadircollective\\\/wp-content\\\/uploads\\\/2021\\\/11\\\/facebookbanner-1.jpg\",\"keywords\":[\"intrasatta\",\"ue fest\"],\"articleSection\":[\"Scugnizzo Live\",\"UeFest\"],\"inLanguage\":\"en-US\"},{\"@type\":\"WebPage\",\"@id\":\"https:\\\/\\\/scugnizzoliberato.org\\\/nadircollective\\\/ue-fest-presenta-intrasatta\\\/\",\"url\":\"https:\\\/\\\/scugnizzoliberato.org\\\/nadircollective\\\/ue-fest-presenta-intrasatta\\\/\",\"name\":\"U\u00e8 Fest presenta: INTRASATTA - NaDir \\\/ Napoli Direzione Opposta\",\"isPartOf\":{\"@id\":\"https:\\\/\\\/scugnizzoliberato.org\\\/nadircollective\\\/#website\"},\"primaryImageOfPage\":{\"@id\":\"https:\\\/\\\/scugnizzoliberato.org\\\/nadircollective\\\/ue-fest-presenta-intrasatta\\\/#primaryimage\"},\"image\":{\"@id\":\"https:\\\/\\\/scugnizzoliberato.org\\\/nadircollective\\\/ue-fest-presenta-intrasatta\\\/#primaryimage\"},\"thumbnailUrl\":\"https:\\\/\\\/scugnizzoliberato.org\\\/nadircollective\\\/wp-content\\\/uploads\\\/2021\\\/11\\\/facebookbanner-1.jpg\",\"datePublished\":\"2021-07-01T11:05:00+00:00\",\"dateModified\":\"2022-02-10T14:31:51+00:00\",\"breadcrumb\":{\"@id\":\"https:\\\/\\\/scugnizzoliberato.org\\\/nadircollective\\\/ue-fest-presenta-intrasatta\\\/#breadcrumb\"},\"inLanguage\":\"en-US\",\"potentialAction\":[{\"@type\":\"ReadAction\",\"target\":[\"https:\\\/\\\/scugnizzoliberato.org\\\/nadircollective\\\/ue-fest-presenta-intrasatta\\\/\"]}]},{\"@type\":\"ImageObject\",\"inLanguage\":\"en-US\",\"@id\":\"https:\\\/\\\/scugnizzoliberato.org\\\/nadircollective\\\/ue-fest-presenta-intrasatta\\\/#primaryimage\",\"url\":\"https:\\\/\\\/scugnizzoliberato.org\\\/nadircollective\\\/wp-content\\\/uploads\\\/2021\\\/11\\\/facebookbanner-1.jpg\",\"contentUrl\":\"https:\\\/\\\/scugnizzoliberato.org\\\/nadircollective\\\/wp-content\\\/uploads\\\/2021\\\/11\\\/facebookbanner-1.jpg\",\"width\":820,\"height\":462},{\"@type\":\"BreadcrumbList\",\"@id\":\"https:\\\/\\\/scugnizzoliberato.org\\\/nadircollective\\\/ue-fest-presenta-intrasatta\\\/#breadcrumb\",\"itemListElement\":[{\"@type\":\"ListItem\",\"position\":1,\"name\":\"Home\",\"item\":\"https:\\\/\\\/scugnizzoliberato.org\\\/nadircollective\\\/\"},{\"@type\":\"ListItem\",\"position\":2,\"name\":\"U\u00e8 Fest presenta: INTRASATTA\"}]},{\"@type\":\"WebSite\",\"@id\":\"https:\\\/\\\/scugnizzoliberato.org\\\/nadircollective\\\/#website\",\"url\":\"https:\\\/\\\/scugnizzoliberato.org\\\/nadircollective\\\/\",\"name\":\"NaDir Collective\",\"description\":\"Collettivo di musicist*, artist*, precar* dello spettacolo \ud83d\ude802015 \ud83c\udfe0 Scugnizzo Liberato \\\/ Napoli\",\"publisher\":{\"@id\":\"https:\\\/\\\/scugnizzoliberato.org\\\/nadircollective\\\/#organization\"},\"potentialAction\":[{\"@type\":\"SearchAction\",\"target\":{\"@type\":\"EntryPoint\",\"urlTemplate\":\"https:\\\/\\\/scugnizzoliberato.org\\\/nadircollective\\\/?s={search_term_string}\"},\"query-input\":{\"@type\":\"PropertyValueSpecification\",\"valueRequired\":true,\"valueName\":\"search_term_string\"}}],\"inLanguage\":\"en-US\"},{\"@type\":\"Organization\",\"@id\":\"https:\\\/\\\/scugnizzoliberato.org\\\/nadircollective\\\/#organization\",\"name\":\"NaDir \\\/ Napoli Direzione Opposta\",\"url\":\"https:\\\/\\\/scugnizzoliberato.org\\\/nadircollective\\\/\",\"logo\":{\"@type\":\"ImageObject\",\"inLanguage\":\"en-US\",\"@id\":\"https:\\\/\\\/scugnizzoliberato.org\\\/nadircollective\\\/#\\\/schema\\\/logo\\\/image\\\/\",\"url\":\"https:\\\/\\\/scugnizzoliberato.org\\\/nadircollective\\\/wp-content\\\/uploads\\\/2018\\\/05\\\/sestante-NaDir.png\",\"contentUrl\":\"https:\\\/\\\/scugnizzoliberato.org\\\/nadircollective\\\/wp-content\\\/uploads\\\/2018\\\/05\\\/sestante-NaDir.png\",\"width\":512,\"height\":512,\"caption\":\"NaDir \\\/ Napoli Direzione Opposta\"},\"image\":{\"@id\":\"https:\\\/\\\/scugnizzoliberato.org\\\/nadircollective\\\/#\\\/schema\\\/logo\\\/image\\\/\"},\"sameAs\":[\"https:\\\/\\\/www.facebook.com\\\/nadirdirezioneopposta\\\/\",\"https:\\\/\\\/x.com\\\/NaDirCollective\",\"https:\\\/\\\/www.instagram.com\\\/nadir_direzioneopposta\\\/\",\"https:\\\/\\\/www.youtube.com\\\/channel\\\/UCdR4Xs7DPzaR7HQslIgHMTA\"]},{\"@type\":\"Person\",\"@id\":\"https:\\\/\\\/scugnizzoliberato.org\\\/nadircollective\\\/#\\\/schema\\\/person\\\/1bdc7299786c6071afc844c64144873b\",\"name\":\"totore.ndr\",\"image\":{\"@type\":\"ImageObject\",\"inLanguage\":\"en-US\",\"@id\":\"https:\\\/\\\/secure.gravatar.com\\\/avatar\\\/97719b56edf382382239f4435173fbdb7157011d54897b2c163ba35ac0752cec?s=96&d=mm&r=g\",\"url\":\"https:\\\/\\\/secure.gravatar.com\\\/avatar\\\/97719b56edf382382239f4435173fbdb7157011d54897b2c163ba35ac0752cec?s=96&d=mm&r=g\",\"contentUrl\":\"https:\\\/\\\/secure.gravatar.com\\\/avatar\\\/97719b56edf382382239f4435173fbdb7157011d54897b2c163ba35ac0752cec?s=96&d=mm&r=g\",\"caption\":\"totore.ndr\"}}]}<\/script>\n<!-- \/ Yoast SEO plugin. -->","yoast_head_json":{"title":"U\u00e8 Fest presenta: INTRASATTA - NaDir \/ Napoli Direzione Opposta","robots":{"index":"index","follow":"follow","max-snippet":"max-snippet:-1","max-image-preview":"max-image-preview:large","max-video-preview":"max-video-preview:-1"},"canonical":"https:\/\/scugnizzoliberato.org\/nadircollective\/ue-fest-presenta-intrasatta\/","og_locale":"en_US","og_type":"article","og_title":"U\u00e8 Fest presenta: INTRASATTA - NaDir \/ Napoli Direzione Opposta","og_description":"Molte cose sono successe in questo anno in cui non si \u00e8 potuta svolgere una regolare edizione del UE\u2019 fest, e ora cos\u00ec, all\u2019improvviso, abbiamo deciso di riaprire un appuntamento per il nostro network. \ud835\ude44\ud835\ude49\ud835\ude4f\ud835\ude4d\ud835\ude3c\ud835\ude4e\ud835\ude3c\ud835\ude4f\ud835\ude4f\ud835\ude3c \u00e8 un\u2019intrusione improvvisa, mentre le cose succedono, cambiano, per tornare a vederci e a scambiare [&hellip;]","og_url":"https:\/\/scugnizzoliberato.org\/nadircollective\/ue-fest-presenta-intrasatta\/","og_site_name":"NaDir \/ Napoli Direzione Opposta","article_publisher":"https:\/\/www.facebook.com\/nadirdirezioneopposta\/","article_published_time":"2021-07-01T11:05:00+00:00","article_modified_time":"2022-02-10T14:31:51+00:00","og_image":[{"url":"https:\/\/scugnizzoliberato.org\/nadircollective\/wp-content\/uploads\/2021\/11\/facebookbanner-1.jpg","type":"","width":"","height":""}],"author":"totore.ndr","twitter_card":"summary_large_image","twitter_creator":"@NaDirCollective","twitter_site":"@NaDirCollective","twitter_misc":{"Written by":"totore.ndr","Est. reading time":"6 minutes"},"schema":{"@context":"https:\/\/schema.org","@graph":[{"@type":"Article","@id":"https:\/\/scugnizzoliberato.org\/nadircollective\/ue-fest-presenta-intrasatta\/#article","isPartOf":{"@id":"https:\/\/scugnizzoliberato.org\/nadircollective\/ue-fest-presenta-intrasatta\/"},"author":{"name":"totore.ndr","@id":"https:\/\/scugnizzoliberato.org\/nadircollective\/#\/schema\/person\/1bdc7299786c6071afc844c64144873b"},"headline":"U\u00e8 Fest presenta: INTRASATTA","datePublished":"2021-07-01T11:05:00+00:00","dateModified":"2022-02-10T14:31:51+00:00","mainEntityOfPage":{"@id":"https:\/\/scugnizzoliberato.org\/nadircollective\/ue-fest-presenta-intrasatta\/"},"wordCount":1197,"publisher":{"@id":"https:\/\/scugnizzoliberato.org\/nadircollective\/#organization"},"image":{"@id":"https:\/\/scugnizzoliberato.org\/nadircollective\/ue-fest-presenta-intrasatta\/#primaryimage"},"thumbnailUrl":"https:\/\/scugnizzoliberato.org\/nadircollective\/wp-content\/uploads\/2021\/11\/facebookbanner-1.jpg","keywords":["intrasatta","ue fest"],"articleSection":["Scugnizzo Live","UeFest"],"inLanguage":"en-US"},{"@type":"WebPage","@id":"https:\/\/scugnizzoliberato.org\/nadircollective\/ue-fest-presenta-intrasatta\/","url":"https:\/\/scugnizzoliberato.org\/nadircollective\/ue-fest-presenta-intrasatta\/","name":"U\u00e8 Fest presenta: INTRASATTA - NaDir \/ Napoli Direzione Opposta","isPartOf":{"@id":"https:\/\/scugnizzoliberato.org\/nadircollective\/#website"},"primaryImageOfPage":{"@id":"https:\/\/scugnizzoliberato.org\/nadircollective\/ue-fest-presenta-intrasatta\/#primaryimage"},"image":{"@id":"https:\/\/scugnizzoliberato.org\/nadircollective\/ue-fest-presenta-intrasatta\/#primaryimage"},"thumbnailUrl":"https:\/\/scugnizzoliberato.org\/nadircollective\/wp-content\/uploads\/2021\/11\/facebookbanner-1.jpg","datePublished":"2021-07-01T11:05:00+00:00","dateModified":"2022-02-10T14:31:51+00:00","breadcrumb":{"@id":"https:\/\/scugnizzoliberato.org\/nadircollective\/ue-fest-presenta-intrasatta\/#breadcrumb"},"inLanguage":"en-US","potentialAction":[{"@type":"ReadAction","target":["https:\/\/scugnizzoliberato.org\/nadircollective\/ue-fest-presenta-intrasatta\/"]}]},{"@type":"ImageObject","inLanguage":"en-US","@id":"https:\/\/scugnizzoliberato.org\/nadircollective\/ue-fest-presenta-intrasatta\/#primaryimage","url":"https:\/\/scugnizzoliberato.org\/nadircollective\/wp-content\/uploads\/2021\/11\/facebookbanner-1.jpg","contentUrl":"https:\/\/scugnizzoliberato.org\/nadircollective\/wp-content\/uploads\/2021\/11\/facebookbanner-1.jpg","width":820,"height":462},{"@type":"BreadcrumbList","@id":"https:\/\/scugnizzoliberato.org\/nadircollective\/ue-fest-presenta-intrasatta\/#breadcrumb","itemListElement":[{"@type":"ListItem","position":1,"name":"Home","item":"https:\/\/scugnizzoliberato.org\/nadircollective\/"},{"@type":"ListItem","position":2,"name":"U\u00e8 Fest presenta: INTRASATTA"}]},{"@type":"WebSite","@id":"https:\/\/scugnizzoliberato.org\/nadircollective\/#website","url":"https:\/\/scugnizzoliberato.org\/nadircollective\/","name":"NaDir Collective","description":"Collettivo di musicist*, artist*, precar* dello spettacolo \ud83d\ude802015 \ud83c\udfe0 Scugnizzo Liberato \/ Napoli","publisher":{"@id":"https:\/\/scugnizzoliberato.org\/nadircollective\/#organization"},"potentialAction":[{"@type":"SearchAction","target":{"@type":"EntryPoint","urlTemplate":"https:\/\/scugnizzoliberato.org\/nadircollective\/?s={search_term_string}"},"query-input":{"@type":"PropertyValueSpecification","valueRequired":true,"valueName":"search_term_string"}}],"inLanguage":"en-US"},{"@type":"Organization","@id":"https:\/\/scugnizzoliberato.org\/nadircollective\/#organization","name":"NaDir \/ Napoli Direzione Opposta","url":"https:\/\/scugnizzoliberato.org\/nadircollective\/","logo":{"@type":"ImageObject","inLanguage":"en-US","@id":"https:\/\/scugnizzoliberato.org\/nadircollective\/#\/schema\/logo\/image\/","url":"https:\/\/scugnizzoliberato.org\/nadircollective\/wp-content\/uploads\/2018\/05\/sestante-NaDir.png","contentUrl":"https:\/\/scugnizzoliberato.org\/nadircollective\/wp-content\/uploads\/2018\/05\/sestante-NaDir.png","width":512,"height":512,"caption":"NaDir \/ Napoli Direzione Opposta"},"image":{"@id":"https:\/\/scugnizzoliberato.org\/nadircollective\/#\/schema\/logo\/image\/"},"sameAs":["https:\/\/www.facebook.com\/nadirdirezioneopposta\/","https:\/\/x.com\/NaDirCollective","https:\/\/www.instagram.com\/nadir_direzioneopposta\/","https:\/\/www.youtube.com\/channel\/UCdR4Xs7DPzaR7HQslIgHMTA"]},{"@type":"Person","@id":"https:\/\/scugnizzoliberato.org\/nadircollective\/#\/schema\/person\/1bdc7299786c6071afc844c64144873b","name":"totore.ndr","image":{"@type":"ImageObject","inLanguage":"en-US","@id":"https:\/\/secure.gravatar.com\/avatar\/97719b56edf382382239f4435173fbdb7157011d54897b2c163ba35ac0752cec?s=96&d=mm&r=g","url":"https:\/\/secure.gravatar.com\/avatar\/97719b56edf382382239f4435173fbdb7157011d54897b2c163ba35ac0752cec?s=96&d=mm&r=g","contentUrl":"https:\/\/secure.gravatar.com\/avatar\/97719b56edf382382239f4435173fbdb7157011d54897b2c163ba35ac0752cec?s=96&d=mm&r=g","caption":"totore.ndr"}}]}},"_links":{"self":[{"href":"https:\/\/scugnizzoliberato.org\/nadircollective\/wp-json\/wp\/v2\/posts\/1472","targetHints":{"allow":["GET"]}}],"collection":[{"href":"https:\/\/scugnizzoliberato.org\/nadircollective\/wp-json\/wp\/v2\/posts"}],"about":[{"href":"https:\/\/scugnizzoliberato.org\/nadircollective\/wp-json\/wp\/v2\/types\/post"}],"author":[{"embeddable":true,"href":"https:\/\/scugnizzoliberato.org\/nadircollective\/wp-json\/wp\/v2\/users\/9"}],"replies":[{"embeddable":true,"href":"https:\/\/scugnizzoliberato.org\/nadircollective\/wp-json\/wp\/v2\/comments?post=1472"}],"version-history":[{"count":2,"href":"https:\/\/scugnizzoliberato.org\/nadircollective\/wp-json\/wp\/v2\/posts\/1472\/revisions"}],"predecessor-version":[{"id":1478,"href":"https:\/\/scugnizzoliberato.org\/nadircollective\/wp-json\/wp\/v2\/posts\/1472\/revisions\/1478"}],"wp:attachment":[{"href":"https:\/\/scugnizzoliberato.org\/nadircollective\/wp-json\/wp\/v2\/media?parent=1472"}],"wp:term":[{"taxonomy":"category","embeddable":true,"href":"https:\/\/scugnizzoliberato.org\/nadircollective\/wp-json\/wp\/v2\/categories?post=1472"},{"taxonomy":"post_tag","embeddable":true,"href":"https:\/\/scugnizzoliberato.org\/nadircollective\/wp-json\/wp\/v2\/tags?post=1472"}],"curies":[{"name":"wp","href":"https:\/\/api.w.org\/{rel}","templated":true}]}}