{"id":1431,"date":"2020-05-01T16:57:00","date_gmt":"2020-05-01T14:57:00","guid":{"rendered":"https:\/\/www.nadir.fm\/?p=1431"},"modified":"2022-02-10T15:32:16","modified_gmt":"2022-02-10T14:32:16","slug":"ue-sona-ancora","status":"publish","type":"post","link":"https:\/\/scugnizzoliberato.org\/nadircollective\/ue-sona-ancora\/","title":{"rendered":"U\u00e8 Sona Ancora"},"content":{"rendered":"\n<p>Oggi sarebbe dovuta iniziare la IV edizione del UE&#8217; Fest underground eccetera, il festival che negli ultimi anni ha aperto le porte alla primavera tra le mura dello Scugnizzo Liberato ed in tutta la citt\u00e0.<\/p>\n\n\n\n<p>Quando l\u2019emergenza sanitaria \u00e8 iniziata e nei mesi che l\u2019hanno preceduta eravamo gi\u00e0 a lavoro per organizzare l\u2019edizione di quest\u2019anno. Molti dei ragionamenti intorno al tema che si stava sviluppando, ci tenevano attaccati alla sedia per ore, a discutere instancabilmente per via telematica o in una delle piccole stanzette dello Scugnizzo, mettendo a contatto quella rete che percorre l\u2019Italia e tocca tante diverse.<\/p>\n\n\n\n<p>Sarebbero arrivate le serate ad attacchinare, la concitazione degli ultimi preparativi, la fatica del trasporto dei tavoli, l\u2019arrivo dei primi espositori. Insomma tutto come sempre, come un enorme circo. Fa uno strano effetto a questo punto ripercorrere questi giorni e la ritualit\u00e0 che avrebbero avuto, ed \u00e8 ancor pi\u00f9 bizzarro pensare alla circostanza in cui abbiamo dovuto, almeno per quest\u2019anno, rinunciare al nostro mondo con il UE&#8217; e le sue magie.<\/p>\n\n\n\n<figure class=\"wp-block-embed-mixcloud wp-block-embed is-type-rich is-provider-mixcloud wp-embed-aspect-21-9 wp-has-aspect-ratio\"><div class=\"wp-block-embed__wrapper\">\n<iframe loading=\"lazy\" title=\"Nadir.Fm #40 - U\u00e8 Sona Anc\u00f2ra - By Nadir Collective\" width=\"100%\" height=\"120\" src=\"https:\/\/www.mixcloud.com\/widget\/iframe\/?feed=https%3A%2F%2Fwww.mixcloud.com%2Fnadirfm%2Fnadirfm-40-u%25C3%25A8-sona-anc%25C3%25B2ra-by-nadir-collective%2F&amp;hide_cover=1\" frameborder=\"0\"><\/iframe>\n<\/div><\/figure>\n\n\n\n<p>Prima che il flusso nostalgico ci trascini, vogliamo lanciare un appello a tutt* coloro che avrebbero partecipato a questa edizione del festival, a tutt* quell* che ci avrebbero sostenuto, a chi avrebbe offerto la sua sottoscrizione, o messo a disposizione il suo tempo per l\u2019organismo organizzativo, a chi avrebbe comprato almeno un adesivo, una t-shirt o una stampa.<br>Vi chiediamo di partecipare alla campagna di Solidariet\u00e0 che in queste settimane ha dato vita alle iniziative di mutuo soccorso che le\/gli attivist* dello Scugnizzo Liberato stanno portando nel quartiere che da quattro anni ci accoglie e ci ospita. Con il sostegno di tutt* sta diventando possibile regalare un po&#8217; di sollievo a chi non riesce nemmeno ad immaginarsi l\u2019indomani, perch\u00e9 l\u2019immaginazione \u00e8 un&#8217;arma inesauribile ma a volte non basta.<\/p>\n\n\n\n<p>?Se vuoi sostenerci anche tu puoi fare una donazione:<br>IBAN: IT65B0306909606100000148623<br>Beneficiario: Ass. Zenith<br>Causale: solidariet\u00e0 emergenza Covid<\/p>\n\n\n\n<p>Per tutti e tutte coloro che in questi anni hanno vissuto il festival, suonando, esponendo, o anche solo attraversandolo, abbiamo creato questo mix, con le vostre note, e le vostre voci.<\/p>\n\n\n\n<p>???Ripercorreremo ancora quei corridoi, ci abbracceremo sotto palco, e sar\u00e0 di nuovo <strong>COMPOST &#8211; RIVOLTA MULTISPECIE<\/strong><\/p>\n","protected":false},"excerpt":{"rendered":"<p>Oggi sarebbe dovuta iniziare la IV edizione del UE&#8217; Fest underground eccetera, il festival che negli ultimi anni ha aperto le porte alla primavera tra le mura dello Scugnizzo Liberato ed in tutta la citt\u00e0. Quando l\u2019emergenza sanitaria \u00e8 iniziata e nei mesi che l\u2019hanno preceduta eravamo gi\u00e0 a lavoro [&hellip;]<\/p>\n","protected":false},"author":9,"featured_media":0,"comment_status":"closed","ping_status":"closed","sticky":false,"template":"","format":"standard","meta":{"footnotes":""},"categories":[46,17],"tags":[50],"class_list":["post-1431","post","type-post","status-publish","format-standard","hentry","category-controcultura","category-uefest","tag-ue-fest"],"yoast_head":"<!-- This site is optimized with the Yoast SEO plugin v27.5 - https:\/\/yoast.com\/product\/yoast-seo-wordpress\/ -->\n<title>U\u00e8 Sona Ancora - NaDir \/ Napoli Direzione Opposta<\/title>\n<meta name=\"description\" content=\"Oggi sarebbe dovuta iniziare la IV edizione del UE&#039; Fest underground eccetera, il festival che negli ultimi anni ha aperto le porte alla primavera tra le mura dello Scugnizzo Liberato ed in tutta la citt\u00e0.\" \/>\n<meta name=\"robots\" content=\"index, follow, max-snippet:-1, max-image-preview:large, max-video-preview:-1\" \/>\n<link rel=\"canonical\" href=\"https:\/\/scugnizzoliberato.org\/nadircollective\/ue-sona-ancora\/\" \/>\n<meta property=\"og:locale\" content=\"en_US\" \/>\n<meta property=\"og:type\" content=\"article\" \/>\n<meta property=\"og:title\" content=\"U\u00e8 Sona Ancora - NaDir \/ Napoli Direzione Opposta\" \/>\n<meta property=\"og:description\" content=\"Oggi sarebbe dovuta iniziare la IV edizione del UE&#039; Fest underground eccetera, il festival che negli ultimi anni ha aperto le porte alla primavera tra le mura dello Scugnizzo Liberato ed in tutta la citt\u00e0.\" \/>\n<meta property=\"og:url\" content=\"https:\/\/scugnizzoliberato.org\/nadircollective\/ue-sona-ancora\/\" \/>\n<meta property=\"og:site_name\" content=\"NaDir \/ Napoli Direzione Opposta\" \/>\n<meta property=\"article:publisher\" content=\"https:\/\/www.facebook.com\/nadirdirezioneopposta\/\" \/>\n<meta property=\"article:published_time\" content=\"2020-05-01T14:57:00+00:00\" \/>\n<meta property=\"article:modified_time\" content=\"2022-02-10T14:32:16+00:00\" \/>\n<meta property=\"og:image\" content=\"https:\/\/scugnizzoliberato.org\/nadircollective\/wp-content\/uploads\/2018\/05\/GZEROchitarrella.jpg\" \/>\n\t<meta property=\"og:image:width\" content=\"1024\" \/>\n\t<meta property=\"og:image:height\" content=\"681\" \/>\n\t<meta property=\"og:image:type\" content=\"image\/jpeg\" \/>\n<meta name=\"author\" content=\"totore.ndr\" \/>\n<meta name=\"twitter:card\" content=\"summary_large_image\" \/>\n<meta name=\"twitter:creator\" content=\"@NaDirCollective\" \/>\n<meta name=\"twitter:site\" content=\"@NaDirCollective\" \/>\n<meta name=\"twitter:label1\" content=\"Written by\" \/>\n\t<meta name=\"twitter:data1\" content=\"totore.ndr\" \/>\n\t<meta name=\"twitter:label2\" content=\"Est. reading time\" \/>\n\t<meta name=\"twitter:data2\" content=\"2 minutes\" \/>\n<script type=\"application\/ld+json\" class=\"yoast-schema-graph\">{\"@context\":\"https:\\\/\\\/schema.org\",\"@graph\":[{\"@type\":\"Article\",\"@id\":\"https:\\\/\\\/scugnizzoliberato.org\\\/nadircollective\\\/ue-sona-ancora\\\/#article\",\"isPartOf\":{\"@id\":\"https:\\\/\\\/scugnizzoliberato.org\\\/nadircollective\\\/ue-sona-ancora\\\/\"},\"author\":{\"name\":\"totore.ndr\",\"@id\":\"https:\\\/\\\/scugnizzoliberato.org\\\/nadircollective\\\/#\\\/schema\\\/person\\\/1bdc7299786c6071afc844c64144873b\"},\"headline\":\"U\u00e8 Sona Ancora\",\"datePublished\":\"2020-05-01T14:57:00+00:00\",\"dateModified\":\"2022-02-10T14:32:16+00:00\",\"mainEntityOfPage\":{\"@id\":\"https:\\\/\\\/scugnizzoliberato.org\\\/nadircollective\\\/ue-sona-ancora\\\/\"},\"wordCount\":387,\"publisher\":{\"@id\":\"https:\\\/\\\/scugnizzoliberato.org\\\/nadircollective\\\/#organization\"},\"keywords\":[\"ue fest\"],\"articleSection\":[\"ControCultura\",\"UeFest\"],\"inLanguage\":\"en-US\"},{\"@type\":\"WebPage\",\"@id\":\"https:\\\/\\\/scugnizzoliberato.org\\\/nadircollective\\\/ue-sona-ancora\\\/\",\"url\":\"https:\\\/\\\/scugnizzoliberato.org\\\/nadircollective\\\/ue-sona-ancora\\\/\",\"name\":\"U\u00e8 Sona Ancora - NaDir \\\/ Napoli Direzione Opposta\",\"isPartOf\":{\"@id\":\"https:\\\/\\\/scugnizzoliberato.org\\\/nadircollective\\\/#website\"},\"datePublished\":\"2020-05-01T14:57:00+00:00\",\"dateModified\":\"2022-02-10T14:32:16+00:00\",\"description\":\"Oggi sarebbe dovuta iniziare la IV edizione del UE' Fest underground eccetera, il festival che negli ultimi anni ha aperto le porte alla primavera tra le mura dello Scugnizzo Liberato ed in tutta la citt\u00e0.\",\"breadcrumb\":{\"@id\":\"https:\\\/\\\/scugnizzoliberato.org\\\/nadircollective\\\/ue-sona-ancora\\\/#breadcrumb\"},\"inLanguage\":\"en-US\",\"potentialAction\":[{\"@type\":\"ReadAction\",\"target\":[\"https:\\\/\\\/scugnizzoliberato.org\\\/nadircollective\\\/ue-sona-ancora\\\/\"]}]},{\"@type\":\"BreadcrumbList\",\"@id\":\"https:\\\/\\\/scugnizzoliberato.org\\\/nadircollective\\\/ue-sona-ancora\\\/#breadcrumb\",\"itemListElement\":[{\"@type\":\"ListItem\",\"position\":1,\"name\":\"Home\",\"item\":\"https:\\\/\\\/scugnizzoliberato.org\\\/nadircollective\\\/\"},{\"@type\":\"ListItem\",\"position\":2,\"name\":\"U\u00e8 Sona Ancora\"}]},{\"@type\":\"WebSite\",\"@id\":\"https:\\\/\\\/scugnizzoliberato.org\\\/nadircollective\\\/#website\",\"url\":\"https:\\\/\\\/scugnizzoliberato.org\\\/nadircollective\\\/\",\"name\":\"NaDir Collective\",\"description\":\"Collettivo di musicist*, artist*, precar* dello spettacolo \ud83d\ude802015 \ud83c\udfe0 Scugnizzo Liberato \\\/ Napoli\",\"publisher\":{\"@id\":\"https:\\\/\\\/scugnizzoliberato.org\\\/nadircollective\\\/#organization\"},\"potentialAction\":[{\"@type\":\"SearchAction\",\"target\":{\"@type\":\"EntryPoint\",\"urlTemplate\":\"https:\\\/\\\/scugnizzoliberato.org\\\/nadircollective\\\/?s={search_term_string}\"},\"query-input\":{\"@type\":\"PropertyValueSpecification\",\"valueRequired\":true,\"valueName\":\"search_term_string\"}}],\"inLanguage\":\"en-US\"},{\"@type\":\"Organization\",\"@id\":\"https:\\\/\\\/scugnizzoliberato.org\\\/nadircollective\\\/#organization\",\"name\":\"NaDir \\\/ Napoli Direzione Opposta\",\"url\":\"https:\\\/\\\/scugnizzoliberato.org\\\/nadircollective\\\/\",\"logo\":{\"@type\":\"ImageObject\",\"inLanguage\":\"en-US\",\"@id\":\"https:\\\/\\\/scugnizzoliberato.org\\\/nadircollective\\\/#\\\/schema\\\/logo\\\/image\\\/\",\"url\":\"https:\\\/\\\/scugnizzoliberato.org\\\/nadircollective\\\/wp-content\\\/uploads\\\/2018\\\/05\\\/sestante-NaDir.png\",\"contentUrl\":\"https:\\\/\\\/scugnizzoliberato.org\\\/nadircollective\\\/wp-content\\\/uploads\\\/2018\\\/05\\\/sestante-NaDir.png\",\"width\":512,\"height\":512,\"caption\":\"NaDir \\\/ Napoli Direzione Opposta\"},\"image\":{\"@id\":\"https:\\\/\\\/scugnizzoliberato.org\\\/nadircollective\\\/#\\\/schema\\\/logo\\\/image\\\/\"},\"sameAs\":[\"https:\\\/\\\/www.facebook.com\\\/nadirdirezioneopposta\\\/\",\"https:\\\/\\\/x.com\\\/NaDirCollective\",\"https:\\\/\\\/www.instagram.com\\\/nadir_direzioneopposta\\\/\",\"https:\\\/\\\/www.youtube.com\\\/channel\\\/UCdR4Xs7DPzaR7HQslIgHMTA\"]},{\"@type\":\"Person\",\"@id\":\"https:\\\/\\\/scugnizzoliberato.org\\\/nadircollective\\\/#\\\/schema\\\/person\\\/1bdc7299786c6071afc844c64144873b\",\"name\":\"totore.ndr\",\"image\":{\"@type\":\"ImageObject\",\"inLanguage\":\"en-US\",\"@id\":\"https:\\\/\\\/secure.gravatar.com\\\/avatar\\\/97719b56edf382382239f4435173fbdb7157011d54897b2c163ba35ac0752cec?s=96&d=mm&r=g\",\"url\":\"https:\\\/\\\/secure.gravatar.com\\\/avatar\\\/97719b56edf382382239f4435173fbdb7157011d54897b2c163ba35ac0752cec?s=96&d=mm&r=g\",\"contentUrl\":\"https:\\\/\\\/secure.gravatar.com\\\/avatar\\\/97719b56edf382382239f4435173fbdb7157011d54897b2c163ba35ac0752cec?s=96&d=mm&r=g\",\"caption\":\"totore.ndr\"}}]}<\/script>\n<!-- \/ Yoast SEO plugin. -->","yoast_head_json":{"title":"U\u00e8 Sona Ancora - NaDir \/ Napoli Direzione Opposta","description":"Oggi sarebbe dovuta iniziare la IV edizione del UE' Fest underground eccetera, il festival che negli ultimi anni ha aperto le porte alla primavera tra le mura dello Scugnizzo Liberato ed in tutta la citt\u00e0.","robots":{"index":"index","follow":"follow","max-snippet":"max-snippet:-1","max-image-preview":"max-image-preview:large","max-video-preview":"max-video-preview:-1"},"canonical":"https:\/\/scugnizzoliberato.org\/nadircollective\/ue-sona-ancora\/","og_locale":"en_US","og_type":"article","og_title":"U\u00e8 Sona Ancora - NaDir \/ Napoli Direzione Opposta","og_description":"Oggi sarebbe dovuta iniziare la IV edizione del UE' Fest underground eccetera, il festival che negli ultimi anni ha aperto le porte alla primavera tra le mura dello Scugnizzo Liberato ed in tutta la citt\u00e0.","og_url":"https:\/\/scugnizzoliberato.org\/nadircollective\/ue-sona-ancora\/","og_site_name":"NaDir \/ Napoli Direzione Opposta","article_publisher":"https:\/\/www.facebook.com\/nadirdirezioneopposta\/","article_published_time":"2020-05-01T14:57:00+00:00","article_modified_time":"2022-02-10T14:32:16+00:00","og_image":[{"width":1024,"height":681,"url":"https:\/\/scugnizzoliberato.org\/nadircollective\/wp-content\/uploads\/2018\/05\/GZEROchitarrella.jpg","type":"image\/jpeg"}],"author":"totore.ndr","twitter_card":"summary_large_image","twitter_creator":"@NaDirCollective","twitter_site":"@NaDirCollective","twitter_misc":{"Written by":"totore.ndr","Est. reading time":"2 minutes"},"schema":{"@context":"https:\/\/schema.org","@graph":[{"@type":"Article","@id":"https:\/\/scugnizzoliberato.org\/nadircollective\/ue-sona-ancora\/#article","isPartOf":{"@id":"https:\/\/scugnizzoliberato.org\/nadircollective\/ue-sona-ancora\/"},"author":{"name":"totore.ndr","@id":"https:\/\/scugnizzoliberato.org\/nadircollective\/#\/schema\/person\/1bdc7299786c6071afc844c64144873b"},"headline":"U\u00e8 Sona Ancora","datePublished":"2020-05-01T14:57:00+00:00","dateModified":"2022-02-10T14:32:16+00:00","mainEntityOfPage":{"@id":"https:\/\/scugnizzoliberato.org\/nadircollective\/ue-sona-ancora\/"},"wordCount":387,"publisher":{"@id":"https:\/\/scugnizzoliberato.org\/nadircollective\/#organization"},"keywords":["ue fest"],"articleSection":["ControCultura","UeFest"],"inLanguage":"en-US"},{"@type":"WebPage","@id":"https:\/\/scugnizzoliberato.org\/nadircollective\/ue-sona-ancora\/","url":"https:\/\/scugnizzoliberato.org\/nadircollective\/ue-sona-ancora\/","name":"U\u00e8 Sona Ancora - NaDir \/ Napoli Direzione Opposta","isPartOf":{"@id":"https:\/\/scugnizzoliberato.org\/nadircollective\/#website"},"datePublished":"2020-05-01T14:57:00+00:00","dateModified":"2022-02-10T14:32:16+00:00","description":"Oggi sarebbe dovuta iniziare la IV edizione del UE' Fest underground eccetera, il festival che negli ultimi anni ha aperto le porte alla primavera tra le mura dello Scugnizzo Liberato ed in tutta la citt\u00e0.","breadcrumb":{"@id":"https:\/\/scugnizzoliberato.org\/nadircollective\/ue-sona-ancora\/#breadcrumb"},"inLanguage":"en-US","potentialAction":[{"@type":"ReadAction","target":["https:\/\/scugnizzoliberato.org\/nadircollective\/ue-sona-ancora\/"]}]},{"@type":"BreadcrumbList","@id":"https:\/\/scugnizzoliberato.org\/nadircollective\/ue-sona-ancora\/#breadcrumb","itemListElement":[{"@type":"ListItem","position":1,"name":"Home","item":"https:\/\/scugnizzoliberato.org\/nadircollective\/"},{"@type":"ListItem","position":2,"name":"U\u00e8 Sona Ancora"}]},{"@type":"WebSite","@id":"https:\/\/scugnizzoliberato.org\/nadircollective\/#website","url":"https:\/\/scugnizzoliberato.org\/nadircollective\/","name":"NaDir Collective","description":"Collettivo di musicist*, artist*, precar* dello spettacolo \ud83d\ude802015 \ud83c\udfe0 Scugnizzo Liberato \/ Napoli","publisher":{"@id":"https:\/\/scugnizzoliberato.org\/nadircollective\/#organization"},"potentialAction":[{"@type":"SearchAction","target":{"@type":"EntryPoint","urlTemplate":"https:\/\/scugnizzoliberato.org\/nadircollective\/?s={search_term_string}"},"query-input":{"@type":"PropertyValueSpecification","valueRequired":true,"valueName":"search_term_string"}}],"inLanguage":"en-US"},{"@type":"Organization","@id":"https:\/\/scugnizzoliberato.org\/nadircollective\/#organization","name":"NaDir \/ Napoli Direzione Opposta","url":"https:\/\/scugnizzoliberato.org\/nadircollective\/","logo":{"@type":"ImageObject","inLanguage":"en-US","@id":"https:\/\/scugnizzoliberato.org\/nadircollective\/#\/schema\/logo\/image\/","url":"https:\/\/scugnizzoliberato.org\/nadircollective\/wp-content\/uploads\/2018\/05\/sestante-NaDir.png","contentUrl":"https:\/\/scugnizzoliberato.org\/nadircollective\/wp-content\/uploads\/2018\/05\/sestante-NaDir.png","width":512,"height":512,"caption":"NaDir \/ Napoli Direzione Opposta"},"image":{"@id":"https:\/\/scugnizzoliberato.org\/nadircollective\/#\/schema\/logo\/image\/"},"sameAs":["https:\/\/www.facebook.com\/nadirdirezioneopposta\/","https:\/\/x.com\/NaDirCollective","https:\/\/www.instagram.com\/nadir_direzioneopposta\/","https:\/\/www.youtube.com\/channel\/UCdR4Xs7DPzaR7HQslIgHMTA"]},{"@type":"Person","@id":"https:\/\/scugnizzoliberato.org\/nadircollective\/#\/schema\/person\/1bdc7299786c6071afc844c64144873b","name":"totore.ndr","image":{"@type":"ImageObject","inLanguage":"en-US","@id":"https:\/\/secure.gravatar.com\/avatar\/97719b56edf382382239f4435173fbdb7157011d54897b2c163ba35ac0752cec?s=96&d=mm&r=g","url":"https:\/\/secure.gravatar.com\/avatar\/97719b56edf382382239f4435173fbdb7157011d54897b2c163ba35ac0752cec?s=96&d=mm&r=g","contentUrl":"https:\/\/secure.gravatar.com\/avatar\/97719b56edf382382239f4435173fbdb7157011d54897b2c163ba35ac0752cec?s=96&d=mm&r=g","caption":"totore.ndr"}}]}},"_links":{"self":[{"href":"https:\/\/scugnizzoliberato.org\/nadircollective\/wp-json\/wp\/v2\/posts\/1431","targetHints":{"allow":["GET"]}}],"collection":[{"href":"https:\/\/scugnizzoliberato.org\/nadircollective\/wp-json\/wp\/v2\/posts"}],"about":[{"href":"https:\/\/scugnizzoliberato.org\/nadircollective\/wp-json\/wp\/v2\/types\/post"}],"author":[{"embeddable":true,"href":"https:\/\/scugnizzoliberato.org\/nadircollective\/wp-json\/wp\/v2\/users\/9"}],"replies":[{"embeddable":true,"href":"https:\/\/scugnizzoliberato.org\/nadircollective\/wp-json\/wp\/v2\/comments?post=1431"}],"version-history":[{"count":3,"href":"https:\/\/scugnizzoliberato.org\/nadircollective\/wp-json\/wp\/v2\/posts\/1431\/revisions"}],"predecessor-version":[{"id":1436,"href":"https:\/\/scugnizzoliberato.org\/nadircollective\/wp-json\/wp\/v2\/posts\/1431\/revisions\/1436"}],"wp:attachment":[{"href":"https:\/\/scugnizzoliberato.org\/nadircollective\/wp-json\/wp\/v2\/media?parent=1431"}],"wp:term":[{"taxonomy":"category","embeddable":true,"href":"https:\/\/scugnizzoliberato.org\/nadircollective\/wp-json\/wp\/v2\/categories?post=1431"},{"taxonomy":"post_tag","embeddable":true,"href":"https:\/\/scugnizzoliberato.org\/nadircollective\/wp-json\/wp\/v2\/tags?post=1431"}],"curies":[{"name":"wp","href":"https:\/\/api.w.org\/{rel}","templated":true}]}}