{"id":1423,"date":"2020-04-30T11:50:00","date_gmt":"2020-04-30T09:50:00","guid":{"rendered":"https:\/\/www.nadir.fm\/?p=1423"},"modified":"2020-05-05T12:00:47","modified_gmt":"2020-05-05T10:00:47","slug":"emergenza-covid-dalla-parte-dei-lavoratori-e-delle-lavoratrici-dello-spettacolo-sempre","status":"publish","type":"post","link":"https:\/\/scugnizzoliberato.org\/nadircollective\/emergenza-covid-dalla-parte-dei-lavoratori-e-delle-lavoratrici-dello-spettacolo-sempre\/","title":{"rendered":"Emergenza COVID: dalla parte dei lavoratori e delle lavoratrici dello spettacolo, sempre"},"content":{"rendered":"\n<p>\u00c8 inutile negarlo o provare a girarci intorno, la crisi epidemica che stiamo vivendo sta mettendo in ginocchio un sistema economico di per s\u00e9 gi\u00e0 estremamente precario e non votato al sostentamento della maggioranza.<\/p>\n\n\n\n<p><strong>Questa pandemia<\/strong>, gi\u00e0 dai primissimi momenti, <strong>ha colpito con estrema forza il settore della cultura, dell\u2019intrattenimento e dello spettacolo<\/strong>. Ricordiamo come se fossero passati secoli, le prime chiusure dei locali milanesi, e i primi annunci di date italiane annullate dagli artisti internazionali.<br>A quasi due mesi di distanza dallo shutdown delle arti, non possiamo non chiederci cosa stia accadendo e come stiano facendo tante e tanti, anche tra di noi, a sopravvivere.<br>Le risposte provenienti dai governi sono briciole che di certo non possono risolvere o sostenere realmente queste problematiche.<\/p>\n\n\n\n<p>Allora <strong>proviamo a ragionare ancora, a porci delle domande ancora pi\u00f9 profonde. Cos\u2019\u00e8 l\u2019arte, cos\u2019\u00e8 la cultura in Italia al giorno d\u2019oggi<\/strong>, e il loro valore reale, non solo economico, in un sistema di produzione che spinge sempre di pi\u00f9 verso l\u2019impossibilit\u00e0 della loro esistenza.<\/p>\n\n\n\n<p>Ogni singola professionalit\u00e0 ed individualit\u00e0 ora si trova a fronteggiare il rischio di finire in un enorme buco nero dal quale \u00e8 impossibile uscire, per il semplice fatto che per lo Stato non esiste. Senza alcun riconoscimento per il lavoro svolto, per i faticosi investimenti spesi nella formazione, e per i progetti futuri messi in pausa o cancellati sulla base dei quali ognuno avrebbe potuto provare a recepire risorse di sopravvivenza per il prossimo anno.<\/p>\n\n\n\n<h4 class=\"wp-block-heading\"><em>Cosa fare?<\/em><\/h4>\n\n\n\n<p>A questa situazione che ci sta travolgendo non possiamo rispondere divisi, in maniera sparsa, senza riflettere e confrontarci.<br>Quindi ben vengano tutti i processi collettivi che puntino alla possibilit\u00e0 di essere presi in considerazione come comunit\u00e0, e non pi\u00f9 come solitudini impegnate nelle guerre di rivalit\u00e0 alla conquista di un posto in una produzione &#8211; clima che fino ad ora ha fortemente sfavorito la formazione di piattaforme e spazi comuni di confronto.<br><strong>Se non iniziamo a muoverci insieme per far riconoscere diritti e professionalit\u00e0 non lo far\u00e0 nessuno, perch\u00e9 in questo momento risulta pi\u00f9 conveniente accantonare le maestranze, e raccontarsi che il lavoro nell&#8217;arte \u00e8 un hobby, un passatempo, se non proprio un inutile attaccamento romantico a ci\u00f2 che lentamente il progresso potrebbe cancellare.<\/strong><br>Il rischio di concedere a enti istituzionali, pagine di attivit\u00e0 commerciali e quant&#8217;altro, prestazioni gratuite, per di pi\u00f9 ad infimi livelli di qualit\u00e0 sia tecnica che performativa, oltre ad accrescere la concezione hobbystica del nostro lavoro, svende ulteriormente la valorizzazione economica di quanto si produce. Parrebbe quasi che, seppur in maniera &#8220;aperta&#8221; a tutti, in realt\u00e0 non si stia generando un reale accesso alla cultura in un periodo in cui sarebbe impossibile usufruirne, ma si stia ulteriormente contribuendo a smantellarla.<\/p>\n\n\n\n<figure class=\"wp-block-image size-large\"><img loading=\"lazy\" decoding=\"async\" width=\"960\" height=\"638\" src=\"https:\/\/www.nadir.fm\/wordpress\/wp-content\/uploads\/2020\/05\/truppi.jpg\" alt=\"\" class=\"wp-image-1424\" srcset=\"https:\/\/scugnizzoliberato.org\/nadircollective\/wp-content\/uploads\/2020\/05\/truppi.jpg 960w, https:\/\/scugnizzoliberato.org\/nadircollective\/wp-content\/uploads\/2020\/05\/truppi-300x199.jpg 300w, https:\/\/scugnizzoliberato.org\/nadircollective\/wp-content\/uploads\/2020\/05\/truppi-768x510.jpg 768w, https:\/\/scugnizzoliberato.org\/nadircollective\/wp-content\/uploads\/2020\/05\/truppi-360x240.jpg 360w\" sizes=\"auto, (max-width: 960px) 100vw, 960px\" \/><figcaption>Giovanni Truppi &#8211; Scugnizzo Liberato (Estate 2019)<\/figcaption><\/figure>\n\n\n\n<p>Questa emergenza invece pu\u00f2 essere, contemporaneamente, sia l&#8217;emanazione di un sentire individuale, ma soprattutto l&#8217;emanazione di un sentire collettivo, all\u2019interno di un definito periodo storico. Quindi se da un lato abbiamo la possibilit\u00e0 di smarcare il lavoro nell\u2019arte da ragionamenti che lo relegano unicamente a vuoti processi produttivi (l&#8217;arricchimento di pochi, il mero calcolo del numero di spettatori, dei biglietti venduti, etc..), contemporaneamente c\u2019\u00e8 bisogno che gli venga riconosciuto il valore che ha sia come generatore di posti di lavoro, che per quanto riguarda gli aspetti pi\u00f9 squisitamente esistenziali: senza, la vita fa schifo &#8211; e vi sfidiamo a provarne il contrario.<\/p>\n\n\n\n<p>Fortunatamente in Italia si stanno moltiplicando le riunioni e i gruppi che si autorganizzano e provano a mobilitarsi, li abbiamo visti crescere a Napoli e in tutto il territorio nazionale, li stiamo seguendo, e stiamo dando il nostro contributo.<br>Questo \u00e8 un consiglio che sentiamo di voler rivolgere agli appartenenti ad ogni categoria di lavoro nello spettacolo dal vivo:<br>Sosteniamo, e partecipiamo.<\/p>\n\n\n\n<h4 class=\"wp-block-heading\"><em>Ha senso un Primo Maggio?<\/em><\/h4>\n\n\n\n<p>Domani si festegger\u00e0 il Primo Maggio, una data che per anni \u00e8 stata svuotata di senso collegandola ingenuamente solo a quel carrozzone mediatico e sindacale che \u00e8 il Concertone romano. Nonostante il nostro non esserci mai espressi su quell\u2019evento e aver sempre sorvolato sull\u2019utilizzo che si faceva della musica in quel momento, adesso non possiamo restare in silenzio.<br>Fare una festa per lavoratori e lavoratrici nelle attuali condizioni \u00e8 uno schiaffo in faccia a chiunque stia affrontando questa situazione.<br>Sarebbe stata una buona occasione per parlare di sicurezza sul lavoro, del mondo che dobbiamo prepararci ad affrontare, della piaga del nero che in questo settore colpisce tutte e tutti, invece di propinare una visione buonista di pace sociale, del #celafaremo, della #musicasalvatutti.<\/p>\n\n\n\n<p>Noi abbiamo deciso di essere qui, a sostenere queste nuove iniziative, integrandoci in esse, perch\u00e9 la funzione di NaDir \u00e8 anche questa: connettere dei punti nel vasto mondo dell\u2019arte e far emergere queste contraddizioni. Lo stiamo facendo come lavoratori e lavoratrici dell\u2019arte ma \u00e8 un discorso che rompe la categoria e va anche oltre, a chiunque abbia mai usufruito di un prodotto artistico, e che dovrebbe rivendicare questa battaglia e farla propria, e quindi anche da appassionate e appassionati.<br>In Direzione Opposta, sostenendo questo mondo a cui partecipiamo in diversi modi, imparando a ragionare anche strategicamente, perch\u00e9 se oggi siamo ancora deboli, da domani sar\u00e0 guerra su tutti i fronti: a chi ci propone contratti a nero, a chi si rifiuta di fornirci adeguati mezzi di sicurezza, alla qualit\u00e0 sottopagata, a chi ci vuole invisibili.<\/p>\n\n\n\n<p>Mai pi\u00f9 soli affogheremo,<br>MAI PI\u00d9 SOLI<br><a href=\"https:\/\/www.youtube.com\/watch?v=ZrxV4R4eBCA\">[Sebeto &#8211; Fiume]<\/a><\/p>\n","protected":false},"excerpt":{"rendered":"<p>\u00c8 inutile negarlo o provare a girarci intorno, la crisi epidemica che stiamo vivendo sta mettendo in ginocchio un sistema economico di per s\u00e9 gi\u00e0 estremamente precario e non votato al sostentamento della maggioranza. Questa pandemia, gi\u00e0 dai primissimi momenti, ha colpito con estrema forza il settore della cultura, dell\u2019intrattenimento [&hellip;]<\/p>\n","protected":false},"author":9,"featured_media":0,"comment_status":"closed","ping_status":"closed","sticky":false,"template":"","format":"standard","meta":{"footnotes":""},"categories":[46],"tags":[],"class_list":["post-1423","post","type-post","status-publish","format-standard","hentry","category-controcultura"],"yoast_head":"<!-- This site is optimized with the Yoast SEO plugin v27.5 - https:\/\/yoast.com\/product\/yoast-seo-wordpress\/ -->\n<title>Emergenza COVID: dalla parte dei lavoratori e delle lavoratrici dello spettacolo, sempre - NaDir \/ Napoli Direzione Opposta<\/title>\n<meta name=\"robots\" content=\"index, follow, max-snippet:-1, max-image-preview:large, max-video-preview:-1\" \/>\n<link rel=\"canonical\" href=\"https:\/\/scugnizzoliberato.org\/nadircollective\/emergenza-covid-dalla-parte-dei-lavoratori-e-delle-lavoratrici-dello-spettacolo-sempre\/\" \/>\n<meta property=\"og:locale\" content=\"en_US\" \/>\n<meta property=\"og:type\" content=\"article\" \/>\n<meta property=\"og:title\" content=\"Emergenza COVID: dalla parte dei lavoratori e delle lavoratrici dello spettacolo, sempre - NaDir \/ Napoli Direzione Opposta\" \/>\n<meta property=\"og:description\" content=\"\u00c8 inutile negarlo o provare a girarci intorno, la crisi epidemica che stiamo vivendo sta mettendo in ginocchio un sistema economico di per s\u00e9 gi\u00e0 estremamente precario e non votato al sostentamento della maggioranza. Questa pandemia, gi\u00e0 dai primissimi momenti, ha colpito con estrema forza il settore della cultura, dell\u2019intrattenimento [&hellip;]\" \/>\n<meta property=\"og:url\" content=\"https:\/\/scugnizzoliberato.org\/nadircollective\/emergenza-covid-dalla-parte-dei-lavoratori-e-delle-lavoratrici-dello-spettacolo-sempre\/\" \/>\n<meta property=\"og:site_name\" content=\"NaDir \/ Napoli Direzione Opposta\" \/>\n<meta property=\"article:publisher\" content=\"https:\/\/www.facebook.com\/nadirdirezioneopposta\/\" \/>\n<meta property=\"article:published_time\" content=\"2020-04-30T09:50:00+00:00\" \/>\n<meta property=\"article:modified_time\" content=\"2020-05-05T10:00:47+00:00\" \/>\n<meta property=\"og:image\" content=\"https:\/\/www.nadir.fm\/wordpress\/wp-content\/uploads\/2020\/05\/truppi.jpg\" \/>\n<meta name=\"author\" content=\"totore.ndr\" \/>\n<meta name=\"twitter:card\" content=\"summary_large_image\" \/>\n<meta name=\"twitter:creator\" content=\"@NaDirCollective\" \/>\n<meta name=\"twitter:site\" content=\"@NaDirCollective\" \/>\n<meta name=\"twitter:label1\" content=\"Written by\" \/>\n\t<meta name=\"twitter:data1\" content=\"totore.ndr\" \/>\n\t<meta name=\"twitter:label2\" content=\"Est. reading time\" \/>\n\t<meta name=\"twitter:data2\" content=\"4 minutes\" \/>\n<script type=\"application\/ld+json\" class=\"yoast-schema-graph\">{\"@context\":\"https:\\\/\\\/schema.org\",\"@graph\":[{\"@type\":\"Article\",\"@id\":\"https:\\\/\\\/scugnizzoliberato.org\\\/nadircollective\\\/emergenza-covid-dalla-parte-dei-lavoratori-e-delle-lavoratrici-dello-spettacolo-sempre\\\/#article\",\"isPartOf\":{\"@id\":\"https:\\\/\\\/scugnizzoliberato.org\\\/nadircollective\\\/emergenza-covid-dalla-parte-dei-lavoratori-e-delle-lavoratrici-dello-spettacolo-sempre\\\/\"},\"author\":{\"name\":\"totore.ndr\",\"@id\":\"https:\\\/\\\/scugnizzoliberato.org\\\/nadircollective\\\/#\\\/schema\\\/person\\\/1bdc7299786c6071afc844c64144873b\"},\"headline\":\"Emergenza COVID: dalla parte dei lavoratori e delle lavoratrici dello spettacolo, sempre\",\"datePublished\":\"2020-04-30T09:50:00+00:00\",\"dateModified\":\"2020-05-05T10:00:47+00:00\",\"mainEntityOfPage\":{\"@id\":\"https:\\\/\\\/scugnizzoliberato.org\\\/nadircollective\\\/emergenza-covid-dalla-parte-dei-lavoratori-e-delle-lavoratrici-dello-spettacolo-sempre\\\/\"},\"wordCount\":910,\"publisher\":{\"@id\":\"https:\\\/\\\/scugnizzoliberato.org\\\/nadircollective\\\/#organization\"},\"image\":{\"@id\":\"https:\\\/\\\/scugnizzoliberato.org\\\/nadircollective\\\/emergenza-covid-dalla-parte-dei-lavoratori-e-delle-lavoratrici-dello-spettacolo-sempre\\\/#primaryimage\"},\"thumbnailUrl\":\"https:\\\/\\\/www.nadir.fm\\\/wordpress\\\/wp-content\\\/uploads\\\/2020\\\/05\\\/truppi.jpg\",\"articleSection\":[\"ControCultura\"],\"inLanguage\":\"en-US\"},{\"@type\":\"WebPage\",\"@id\":\"https:\\\/\\\/scugnizzoliberato.org\\\/nadircollective\\\/emergenza-covid-dalla-parte-dei-lavoratori-e-delle-lavoratrici-dello-spettacolo-sempre\\\/\",\"url\":\"https:\\\/\\\/scugnizzoliberato.org\\\/nadircollective\\\/emergenza-covid-dalla-parte-dei-lavoratori-e-delle-lavoratrici-dello-spettacolo-sempre\\\/\",\"name\":\"Emergenza COVID: dalla parte dei lavoratori e delle lavoratrici dello spettacolo, sempre - NaDir \\\/ Napoli Direzione Opposta\",\"isPartOf\":{\"@id\":\"https:\\\/\\\/scugnizzoliberato.org\\\/nadircollective\\\/#website\"},\"primaryImageOfPage\":{\"@id\":\"https:\\\/\\\/scugnizzoliberato.org\\\/nadircollective\\\/emergenza-covid-dalla-parte-dei-lavoratori-e-delle-lavoratrici-dello-spettacolo-sempre\\\/#primaryimage\"},\"image\":{\"@id\":\"https:\\\/\\\/scugnizzoliberato.org\\\/nadircollective\\\/emergenza-covid-dalla-parte-dei-lavoratori-e-delle-lavoratrici-dello-spettacolo-sempre\\\/#primaryimage\"},\"thumbnailUrl\":\"https:\\\/\\\/www.nadir.fm\\\/wordpress\\\/wp-content\\\/uploads\\\/2020\\\/05\\\/truppi.jpg\",\"datePublished\":\"2020-04-30T09:50:00+00:00\",\"dateModified\":\"2020-05-05T10:00:47+00:00\",\"breadcrumb\":{\"@id\":\"https:\\\/\\\/scugnizzoliberato.org\\\/nadircollective\\\/emergenza-covid-dalla-parte-dei-lavoratori-e-delle-lavoratrici-dello-spettacolo-sempre\\\/#breadcrumb\"},\"inLanguage\":\"en-US\",\"potentialAction\":[{\"@type\":\"ReadAction\",\"target\":[\"https:\\\/\\\/scugnizzoliberato.org\\\/nadircollective\\\/emergenza-covid-dalla-parte-dei-lavoratori-e-delle-lavoratrici-dello-spettacolo-sempre\\\/\"]}]},{\"@type\":\"ImageObject\",\"inLanguage\":\"en-US\",\"@id\":\"https:\\\/\\\/scugnizzoliberato.org\\\/nadircollective\\\/emergenza-covid-dalla-parte-dei-lavoratori-e-delle-lavoratrici-dello-spettacolo-sempre\\\/#primaryimage\",\"url\":\"https:\\\/\\\/www.nadir.fm\\\/wordpress\\\/wp-content\\\/uploads\\\/2020\\\/05\\\/truppi.jpg\",\"contentUrl\":\"https:\\\/\\\/www.nadir.fm\\\/wordpress\\\/wp-content\\\/uploads\\\/2020\\\/05\\\/truppi.jpg\"},{\"@type\":\"BreadcrumbList\",\"@id\":\"https:\\\/\\\/scugnizzoliberato.org\\\/nadircollective\\\/emergenza-covid-dalla-parte-dei-lavoratori-e-delle-lavoratrici-dello-spettacolo-sempre\\\/#breadcrumb\",\"itemListElement\":[{\"@type\":\"ListItem\",\"position\":1,\"name\":\"Home\",\"item\":\"https:\\\/\\\/scugnizzoliberato.org\\\/nadircollective\\\/\"},{\"@type\":\"ListItem\",\"position\":2,\"name\":\"Emergenza COVID: dalla parte dei lavoratori e delle lavoratrici dello spettacolo, sempre\"}]},{\"@type\":\"WebSite\",\"@id\":\"https:\\\/\\\/scugnizzoliberato.org\\\/nadircollective\\\/#website\",\"url\":\"https:\\\/\\\/scugnizzoliberato.org\\\/nadircollective\\\/\",\"name\":\"NaDir Collective\",\"description\":\"Collettivo di musicist*, artist*, precar* dello spettacolo \ud83d\ude802015 \ud83c\udfe0 Scugnizzo Liberato \\\/ Napoli\",\"publisher\":{\"@id\":\"https:\\\/\\\/scugnizzoliberato.org\\\/nadircollective\\\/#organization\"},\"potentialAction\":[{\"@type\":\"SearchAction\",\"target\":{\"@type\":\"EntryPoint\",\"urlTemplate\":\"https:\\\/\\\/scugnizzoliberato.org\\\/nadircollective\\\/?s={search_term_string}\"},\"query-input\":{\"@type\":\"PropertyValueSpecification\",\"valueRequired\":true,\"valueName\":\"search_term_string\"}}],\"inLanguage\":\"en-US\"},{\"@type\":\"Organization\",\"@id\":\"https:\\\/\\\/scugnizzoliberato.org\\\/nadircollective\\\/#organization\",\"name\":\"NaDir \\\/ Napoli Direzione Opposta\",\"url\":\"https:\\\/\\\/scugnizzoliberato.org\\\/nadircollective\\\/\",\"logo\":{\"@type\":\"ImageObject\",\"inLanguage\":\"en-US\",\"@id\":\"https:\\\/\\\/scugnizzoliberato.org\\\/nadircollective\\\/#\\\/schema\\\/logo\\\/image\\\/\",\"url\":\"https:\\\/\\\/scugnizzoliberato.org\\\/nadircollective\\\/wp-content\\\/uploads\\\/2018\\\/05\\\/sestante-NaDir.png\",\"contentUrl\":\"https:\\\/\\\/scugnizzoliberato.org\\\/nadircollective\\\/wp-content\\\/uploads\\\/2018\\\/05\\\/sestante-NaDir.png\",\"width\":512,\"height\":512,\"caption\":\"NaDir \\\/ Napoli Direzione Opposta\"},\"image\":{\"@id\":\"https:\\\/\\\/scugnizzoliberato.org\\\/nadircollective\\\/#\\\/schema\\\/logo\\\/image\\\/\"},\"sameAs\":[\"https:\\\/\\\/www.facebook.com\\\/nadirdirezioneopposta\\\/\",\"https:\\\/\\\/x.com\\\/NaDirCollective\",\"https:\\\/\\\/www.instagram.com\\\/nadir_direzioneopposta\\\/\",\"https:\\\/\\\/www.youtube.com\\\/channel\\\/UCdR4Xs7DPzaR7HQslIgHMTA\"]},{\"@type\":\"Person\",\"@id\":\"https:\\\/\\\/scugnizzoliberato.org\\\/nadircollective\\\/#\\\/schema\\\/person\\\/1bdc7299786c6071afc844c64144873b\",\"name\":\"totore.ndr\",\"image\":{\"@type\":\"ImageObject\",\"inLanguage\":\"en-US\",\"@id\":\"https:\\\/\\\/secure.gravatar.com\\\/avatar\\\/97719b56edf382382239f4435173fbdb7157011d54897b2c163ba35ac0752cec?s=96&d=mm&r=g\",\"url\":\"https:\\\/\\\/secure.gravatar.com\\\/avatar\\\/97719b56edf382382239f4435173fbdb7157011d54897b2c163ba35ac0752cec?s=96&d=mm&r=g\",\"contentUrl\":\"https:\\\/\\\/secure.gravatar.com\\\/avatar\\\/97719b56edf382382239f4435173fbdb7157011d54897b2c163ba35ac0752cec?s=96&d=mm&r=g\",\"caption\":\"totore.ndr\"}}]}<\/script>\n<!-- \/ Yoast SEO plugin. -->","yoast_head_json":{"title":"Emergenza COVID: dalla parte dei lavoratori e delle lavoratrici dello spettacolo, sempre - NaDir \/ Napoli Direzione Opposta","robots":{"index":"index","follow":"follow","max-snippet":"max-snippet:-1","max-image-preview":"max-image-preview:large","max-video-preview":"max-video-preview:-1"},"canonical":"https:\/\/scugnizzoliberato.org\/nadircollective\/emergenza-covid-dalla-parte-dei-lavoratori-e-delle-lavoratrici-dello-spettacolo-sempre\/","og_locale":"en_US","og_type":"article","og_title":"Emergenza COVID: dalla parte dei lavoratori e delle lavoratrici dello spettacolo, sempre - NaDir \/ Napoli Direzione Opposta","og_description":"\u00c8 inutile negarlo o provare a girarci intorno, la crisi epidemica che stiamo vivendo sta mettendo in ginocchio un sistema economico di per s\u00e9 gi\u00e0 estremamente precario e non votato al sostentamento della maggioranza. Questa pandemia, gi\u00e0 dai primissimi momenti, ha colpito con estrema forza il settore della cultura, dell\u2019intrattenimento [&hellip;]","og_url":"https:\/\/scugnizzoliberato.org\/nadircollective\/emergenza-covid-dalla-parte-dei-lavoratori-e-delle-lavoratrici-dello-spettacolo-sempre\/","og_site_name":"NaDir \/ Napoli Direzione Opposta","article_publisher":"https:\/\/www.facebook.com\/nadirdirezioneopposta\/","article_published_time":"2020-04-30T09:50:00+00:00","article_modified_time":"2020-05-05T10:00:47+00:00","og_image":[{"url":"https:\/\/www.nadir.fm\/wordpress\/wp-content\/uploads\/2020\/05\/truppi.jpg","type":"","width":"","height":""}],"author":"totore.ndr","twitter_card":"summary_large_image","twitter_creator":"@NaDirCollective","twitter_site":"@NaDirCollective","twitter_misc":{"Written by":"totore.ndr","Est. reading time":"4 minutes"},"schema":{"@context":"https:\/\/schema.org","@graph":[{"@type":"Article","@id":"https:\/\/scugnizzoliberato.org\/nadircollective\/emergenza-covid-dalla-parte-dei-lavoratori-e-delle-lavoratrici-dello-spettacolo-sempre\/#article","isPartOf":{"@id":"https:\/\/scugnizzoliberato.org\/nadircollective\/emergenza-covid-dalla-parte-dei-lavoratori-e-delle-lavoratrici-dello-spettacolo-sempre\/"},"author":{"name":"totore.ndr","@id":"https:\/\/scugnizzoliberato.org\/nadircollective\/#\/schema\/person\/1bdc7299786c6071afc844c64144873b"},"headline":"Emergenza COVID: dalla parte dei lavoratori e delle lavoratrici dello spettacolo, sempre","datePublished":"2020-04-30T09:50:00+00:00","dateModified":"2020-05-05T10:00:47+00:00","mainEntityOfPage":{"@id":"https:\/\/scugnizzoliberato.org\/nadircollective\/emergenza-covid-dalla-parte-dei-lavoratori-e-delle-lavoratrici-dello-spettacolo-sempre\/"},"wordCount":910,"publisher":{"@id":"https:\/\/scugnizzoliberato.org\/nadircollective\/#organization"},"image":{"@id":"https:\/\/scugnizzoliberato.org\/nadircollective\/emergenza-covid-dalla-parte-dei-lavoratori-e-delle-lavoratrici-dello-spettacolo-sempre\/#primaryimage"},"thumbnailUrl":"https:\/\/www.nadir.fm\/wordpress\/wp-content\/uploads\/2020\/05\/truppi.jpg","articleSection":["ControCultura"],"inLanguage":"en-US"},{"@type":"WebPage","@id":"https:\/\/scugnizzoliberato.org\/nadircollective\/emergenza-covid-dalla-parte-dei-lavoratori-e-delle-lavoratrici-dello-spettacolo-sempre\/","url":"https:\/\/scugnizzoliberato.org\/nadircollective\/emergenza-covid-dalla-parte-dei-lavoratori-e-delle-lavoratrici-dello-spettacolo-sempre\/","name":"Emergenza COVID: dalla parte dei lavoratori e delle lavoratrici dello spettacolo, sempre - NaDir \/ Napoli Direzione Opposta","isPartOf":{"@id":"https:\/\/scugnizzoliberato.org\/nadircollective\/#website"},"primaryImageOfPage":{"@id":"https:\/\/scugnizzoliberato.org\/nadircollective\/emergenza-covid-dalla-parte-dei-lavoratori-e-delle-lavoratrici-dello-spettacolo-sempre\/#primaryimage"},"image":{"@id":"https:\/\/scugnizzoliberato.org\/nadircollective\/emergenza-covid-dalla-parte-dei-lavoratori-e-delle-lavoratrici-dello-spettacolo-sempre\/#primaryimage"},"thumbnailUrl":"https:\/\/www.nadir.fm\/wordpress\/wp-content\/uploads\/2020\/05\/truppi.jpg","datePublished":"2020-04-30T09:50:00+00:00","dateModified":"2020-05-05T10:00:47+00:00","breadcrumb":{"@id":"https:\/\/scugnizzoliberato.org\/nadircollective\/emergenza-covid-dalla-parte-dei-lavoratori-e-delle-lavoratrici-dello-spettacolo-sempre\/#breadcrumb"},"inLanguage":"en-US","potentialAction":[{"@type":"ReadAction","target":["https:\/\/scugnizzoliberato.org\/nadircollective\/emergenza-covid-dalla-parte-dei-lavoratori-e-delle-lavoratrici-dello-spettacolo-sempre\/"]}]},{"@type":"ImageObject","inLanguage":"en-US","@id":"https:\/\/scugnizzoliberato.org\/nadircollective\/emergenza-covid-dalla-parte-dei-lavoratori-e-delle-lavoratrici-dello-spettacolo-sempre\/#primaryimage","url":"https:\/\/www.nadir.fm\/wordpress\/wp-content\/uploads\/2020\/05\/truppi.jpg","contentUrl":"https:\/\/www.nadir.fm\/wordpress\/wp-content\/uploads\/2020\/05\/truppi.jpg"},{"@type":"BreadcrumbList","@id":"https:\/\/scugnizzoliberato.org\/nadircollective\/emergenza-covid-dalla-parte-dei-lavoratori-e-delle-lavoratrici-dello-spettacolo-sempre\/#breadcrumb","itemListElement":[{"@type":"ListItem","position":1,"name":"Home","item":"https:\/\/scugnizzoliberato.org\/nadircollective\/"},{"@type":"ListItem","position":2,"name":"Emergenza COVID: dalla parte dei lavoratori e delle lavoratrici dello spettacolo, sempre"}]},{"@type":"WebSite","@id":"https:\/\/scugnizzoliberato.org\/nadircollective\/#website","url":"https:\/\/scugnizzoliberato.org\/nadircollective\/","name":"NaDir Collective","description":"Collettivo di musicist*, artist*, precar* dello spettacolo \ud83d\ude802015 \ud83c\udfe0 Scugnizzo Liberato \/ Napoli","publisher":{"@id":"https:\/\/scugnizzoliberato.org\/nadircollective\/#organization"},"potentialAction":[{"@type":"SearchAction","target":{"@type":"EntryPoint","urlTemplate":"https:\/\/scugnizzoliberato.org\/nadircollective\/?s={search_term_string}"},"query-input":{"@type":"PropertyValueSpecification","valueRequired":true,"valueName":"search_term_string"}}],"inLanguage":"en-US"},{"@type":"Organization","@id":"https:\/\/scugnizzoliberato.org\/nadircollective\/#organization","name":"NaDir \/ Napoli Direzione Opposta","url":"https:\/\/scugnizzoliberato.org\/nadircollective\/","logo":{"@type":"ImageObject","inLanguage":"en-US","@id":"https:\/\/scugnizzoliberato.org\/nadircollective\/#\/schema\/logo\/image\/","url":"https:\/\/scugnizzoliberato.org\/nadircollective\/wp-content\/uploads\/2018\/05\/sestante-NaDir.png","contentUrl":"https:\/\/scugnizzoliberato.org\/nadircollective\/wp-content\/uploads\/2018\/05\/sestante-NaDir.png","width":512,"height":512,"caption":"NaDir \/ Napoli Direzione Opposta"},"image":{"@id":"https:\/\/scugnizzoliberato.org\/nadircollective\/#\/schema\/logo\/image\/"},"sameAs":["https:\/\/www.facebook.com\/nadirdirezioneopposta\/","https:\/\/x.com\/NaDirCollective","https:\/\/www.instagram.com\/nadir_direzioneopposta\/","https:\/\/www.youtube.com\/channel\/UCdR4Xs7DPzaR7HQslIgHMTA"]},{"@type":"Person","@id":"https:\/\/scugnizzoliberato.org\/nadircollective\/#\/schema\/person\/1bdc7299786c6071afc844c64144873b","name":"totore.ndr","image":{"@type":"ImageObject","inLanguage":"en-US","@id":"https:\/\/secure.gravatar.com\/avatar\/97719b56edf382382239f4435173fbdb7157011d54897b2c163ba35ac0752cec?s=96&d=mm&r=g","url":"https:\/\/secure.gravatar.com\/avatar\/97719b56edf382382239f4435173fbdb7157011d54897b2c163ba35ac0752cec?s=96&d=mm&r=g","contentUrl":"https:\/\/secure.gravatar.com\/avatar\/97719b56edf382382239f4435173fbdb7157011d54897b2c163ba35ac0752cec?s=96&d=mm&r=g","caption":"totore.ndr"}}]}},"_links":{"self":[{"href":"https:\/\/scugnizzoliberato.org\/nadircollective\/wp-json\/wp\/v2\/posts\/1423","targetHints":{"allow":["GET"]}}],"collection":[{"href":"https:\/\/scugnizzoliberato.org\/nadircollective\/wp-json\/wp\/v2\/posts"}],"about":[{"href":"https:\/\/scugnizzoliberato.org\/nadircollective\/wp-json\/wp\/v2\/types\/post"}],"author":[{"embeddable":true,"href":"https:\/\/scugnizzoliberato.org\/nadircollective\/wp-json\/wp\/v2\/users\/9"}],"replies":[{"embeddable":true,"href":"https:\/\/scugnizzoliberato.org\/nadircollective\/wp-json\/wp\/v2\/comments?post=1423"}],"version-history":[{"count":1,"href":"https:\/\/scugnizzoliberato.org\/nadircollective\/wp-json\/wp\/v2\/posts\/1423\/revisions"}],"predecessor-version":[{"id":1425,"href":"https:\/\/scugnizzoliberato.org\/nadircollective\/wp-json\/wp\/v2\/posts\/1423\/revisions\/1425"}],"wp:attachment":[{"href":"https:\/\/scugnizzoliberato.org\/nadircollective\/wp-json\/wp\/v2\/media?parent=1423"}],"wp:term":[{"taxonomy":"category","embeddable":true,"href":"https:\/\/scugnizzoliberato.org\/nadircollective\/wp-json\/wp\/v2\/categories?post=1423"},{"taxonomy":"post_tag","embeddable":true,"href":"https:\/\/scugnizzoliberato.org\/nadircollective\/wp-json\/wp\/v2\/tags?post=1423"}],"curies":[{"name":"wp","href":"https:\/\/api.w.org\/{rel}","templated":true}]}}